{"id":233072,"date":"2025-10-21T12:14:55","date_gmt":"2025-10-21T19:14:55","guid":{"rendered":"https:\/\/rnoticias.com.mx\/Portal\/?p=233072"},"modified":"2025-10-21T12:14:55","modified_gmt":"2025-10-21T19:14:55","slug":"impulsa-gobierno-de-sonora-educacion-dual-en-temas-de-mecatronica-y-mecanica","status":"publish","type":"post","link":"https:\/\/rnoticias.com.mx\/Portal\/2025\/10\/21\/impulsa-gobierno-de-sonora-educacion-dual-en-temas-de-mecatronica-y-mecanica\/","title":{"rendered":"Impulsa Gobierno de Sonora educaci\u00f3n dual en temas de mecatr\u00f3nica y mec\u00e1nica"},"content":{"rendered":"<p>Hermosillo, Sonora; 21 de octubre de 2025.- Para avanzar en la implementaci\u00f3n del programa \u201cBecarios Aprendices ProAutomation-UTH\u201d y fomentar la vinculaci\u00f3n entre el aprendizaje te\u00f3rico y el emp\u00edrico, la Universidad Tecnol\u00f3gica de Hermosillo (UTH) firm\u00f3 un convenio de colaboraci\u00f3n con la empresa ProAutomation.<\/p>\n<p>&nbsp;<\/p>\n<p>El proyecto contar\u00e1 con un m\u00e1ximo de 30 estudiantes de nivel T\u00e9cnico Superior Universitario (TSU) de las carreras de Mecatr\u00f3nica y Mec\u00e1nica, quienes desarrollar\u00e1n una estancia de 12 meses en la compa\u00f1\u00eda. Esto lo har\u00e1n de manera simult\u00e1nea a sus clases universitarias, de tal manera que todo conocimiento adquirido pueda ser puesto en pr\u00e1ctica en un entorno real lo m\u00e1s pronto posible.<\/p>\n<p>&nbsp;<\/p>\n<p>Abel Leyva Castellanos, rector de la UTH, enfatiz\u00f3 la constante proximidad que la universidad ha tenido con la industria desde sus inicios y especialmente en los \u00faltimos a\u00f1os. Adem\u00e1s, se\u00f1al\u00f3 que gestionar estas alianzas al tener una matr\u00edcula r\u00e9cord de 4,221 estudiantes refleja c\u00f3mo la instituci\u00f3n se adhiere al plan del gobernador Alfonso Durazo Monta\u00f1o, de impulsar la educaci\u00f3n dual en toda la entidad.<\/p>\n<p>&nbsp;<\/p>\n<p>Por su parte, Nicol\u00e1s Daniel Beltr\u00e1n M\u00e9ndez, CEO de ProAutomation, explic\u00f3 la trayectoria de la empresa, y su trabajo con marcas de gran prestigio internacional como por ejemplo Ford. Asimismo, el directivo resalt\u00f3 que esta es una colaboraci\u00f3n innovadora para la compa\u00f1\u00eda, ya que ser\u00e1 una oportunidad para que tanto el sector empresarial como el educativo aprendan el uno del otro al tiempo que impulsan el desarrollo de las y los j\u00f3venes sonorenses.<\/p>\n<p>&nbsp;<\/p>\n<p>Finalmente, Adalberto P\u00e9rez Arg\u00fcelles, director de los programas educativos involucrados en este convenio, enfatiz\u00f3 que las y los estudiantes, adem\u00e1s de adquirir experiencia profesional, tambi\u00e9n recibir\u00e1n una beca durante la duraci\u00f3n de su estancia, apoyo que sin duda ser\u00e1 de gran valor para las y los alumnos.<\/p>\n","protected":false},"excerpt":{"rendered":"<p>Hermosillo, Sonora; 21 de octubre de 2025.- Para avanzar en la implementaci\u00f3n del programa \u201cBecarios Aprendices ProAutomation-UTH\u201d y fomentar la vinculaci\u00f3n entre el aprendizaje te\u00f3rico y el emp\u00edrico, la Universidad Tecnol\u00f3gica de Hermosillo (UTH) firm\u00f3 un convenio de colaboraci\u00f3n con la empresa ProAutomation. &nbsp; El proyecto contar\u00e1 con un m\u00e1ximo de 30 estudiantes de nivel [&hellip;]<\/p>\n","protected":false},"author":2,"featured_media":233073,"comment_status":"closed","ping_status":"closed","sticky":false,"template":"","format":"standard","meta":{"footnotes":""},"categories":[12870,178],"tags":[12865,12869],"class_list":["post-233072","post","type-post","status-publish","format-standard","has-post-thumbnail","hentry","category-destacadas","category-local","tag-destacadas","tag-local"],"jetpack_featured_media_url":"https:\/\/rnoticias.com.mx\/Portal\/wp-content\/uploads\/2025\/10\/2323.jpg","amp_enabled":true,"_links":{"self":[{"href":"https:\/\/rnoticias.com.mx\/Portal\/wp-json\/wp\/v2\/posts\/233072","targetHints":{"allow":["GET"]}}],"collection":[{"href":"https:\/\/rnoticias.com.mx\/Portal\/wp-json\/wp\/v2\/posts"}],"about":[{"href":"https:\/\/rnoticias.com.mx\/Portal\/wp-json\/wp\/v2\/types\/post"}],"author":[{"embeddable":true,"href":"https:\/\/rnoticias.com.mx\/Portal\/wp-json\/wp\/v2\/users\/2"}],"replies":[{"embeddable":true,"href":"https:\/\/rnoticias.com.mx\/Portal\/wp-json\/wp\/v2\/comments?post=233072"}],"version-history":[{"count":1,"href":"https:\/\/rnoticias.com.mx\/Portal\/wp-json\/wp\/v2\/posts\/233072\/revisions"}],"predecessor-version":[{"id":233074,"href":"https:\/\/rnoticias.com.mx\/Portal\/wp-json\/wp\/v2\/posts\/233072\/revisions\/233074"}],"wp:featuredmedia":[{"embeddable":true,"href":"https:\/\/rnoticias.com.mx\/Portal\/wp-json\/wp\/v2\/media\/233073"}],"wp:attachment":[{"href":"https:\/\/rnoticias.com.mx\/Portal\/wp-json\/wp\/v2\/media?parent=233072"}],"wp:term":[{"taxonomy":"category","embeddable":true,"href":"https:\/\/rnoticias.com.mx\/Portal\/wp-json\/wp\/v2\/categories?post=233072"},{"taxonomy":"post_tag","embeddable":true,"href":"https:\/\/rnoticias.com.mx\/Portal\/wp-json\/wp\/v2\/tags?post=233072"}],"curies":[{"name":"wp","href":"https:\/\/api.w.org\/{rel}","templated":true}]}}