{"id":233069,"date":"2025-10-21T12:14:15","date_gmt":"2025-10-21T19:14:15","guid":{"rendered":"https:\/\/rnoticias.com.mx\/Portal\/?p=233069"},"modified":"2025-10-21T12:14:15","modified_gmt":"2025-10-21T19:14:15","slug":"concientiza-gobierno-de-sonora-sobre-prevencion-de-cancer-de-mama-a-poblacion-femenil-de-los-ceresos","status":"publish","type":"post","link":"https:\/\/rnoticias.com.mx\/Portal\/2025\/10\/21\/concientiza-gobierno-de-sonora-sobre-prevencion-de-cancer-de-mama-a-poblacion-femenil-de-los-ceresos\/","title":{"rendered":"Concientiza Gobierno de Sonora sobre prevenci\u00f3n de c\u00e1ncer de mama a poblaci\u00f3n femenil de los Ceresos"},"content":{"rendered":"<p>Hermosillo, Sonora; 21 de octubre de 2025.- Para concientizar sobre la importancia de detectar a tiempo el c\u00e1ncer de seno, el Gobierno de Sonora acerc\u00f3 servicios preventivos a la poblaci\u00f3n femenil de los Centros de Reinserci\u00f3n Social (Ceresos).<\/p>\n<p>Por ser la salud un derecho de toda mujer privada de la libertad, se organizaron jornadas de detecci\u00f3n temprana y actividades que promueven la importancia de la prevenci\u00f3n de esta enfermedad.<\/p>\n<p>El Sistema Estatal Penitenciario (SIEP) inform\u00f3 que, a\u00f1o con a\u00f1o se conmemora al interior de los Ceresos femeniles el \u201cD\u00eda internacional de lucha contra el c\u00e1ncer de mama\u201d, con pl\u00e1ticas impartidas por personal del sector salud.<\/p>\n<p>Adem\u00e1s, se ofrecieron consultas m\u00e9dicas a trav\u00e9s de las cuales se comparti\u00f3 informaci\u00f3n sobre los factores de riesgo, t\u00e9cnicas para la autoexploraci\u00f3n mamaria y ante cualquier sospecha solicitar atenci\u00f3n inmediata.<\/p>\n<p>El SIEP manifest\u00f3 que, este trabajo humano y sensible que se realiza en beneficio de las mujeres de los Centros de Reinserci\u00f3n Social, puede marcar una diferencia significativa en el pron\u00f3stico de este padecimiento.<\/p>\n","protected":false},"excerpt":{"rendered":"<p>Hermosillo, Sonora; 21 de octubre de 2025.- Para concientizar sobre la importancia de detectar a tiempo el c\u00e1ncer de seno, el Gobierno de Sonora acerc\u00f3 servicios preventivos a la poblaci\u00f3n femenil de los Centros de Reinserci\u00f3n Social (Ceresos). Por ser la salud un derecho de toda mujer privada de la libertad, se organizaron jornadas de [&hellip;]<\/p>\n","protected":false},"author":2,"featured_media":233070,"comment_status":"closed","ping_status":"closed","sticky":false,"template":"","format":"standard","meta":{"footnotes":""},"categories":[12870,178],"tags":[12865,12869],"class_list":["post-233069","post","type-post","status-publish","format-standard","has-post-thumbnail","hentry","category-destacadas","category-local","tag-destacadas","tag-local"],"jetpack_featured_media_url":"https:\/\/rnoticias.com.mx\/Portal\/wp-content\/uploads\/2025\/10\/unnamed-61.jpg","amp_enabled":true,"_links":{"self":[{"href":"https:\/\/rnoticias.com.mx\/Portal\/wp-json\/wp\/v2\/posts\/233069","targetHints":{"allow":["GET"]}}],"collection":[{"href":"https:\/\/rnoticias.com.mx\/Portal\/wp-json\/wp\/v2\/posts"}],"about":[{"href":"https:\/\/rnoticias.com.mx\/Portal\/wp-json\/wp\/v2\/types\/post"}],"author":[{"embeddable":true,"href":"https:\/\/rnoticias.com.mx\/Portal\/wp-json\/wp\/v2\/users\/2"}],"replies":[{"embeddable":true,"href":"https:\/\/rnoticias.com.mx\/Portal\/wp-json\/wp\/v2\/comments?post=233069"}],"version-history":[{"count":1,"href":"https:\/\/rnoticias.com.mx\/Portal\/wp-json\/wp\/v2\/posts\/233069\/revisions"}],"predecessor-version":[{"id":233071,"href":"https:\/\/rnoticias.com.mx\/Portal\/wp-json\/wp\/v2\/posts\/233069\/revisions\/233071"}],"wp:featuredmedia":[{"embeddable":true,"href":"https:\/\/rnoticias.com.mx\/Portal\/wp-json\/wp\/v2\/media\/233070"}],"wp:attachment":[{"href":"https:\/\/rnoticias.com.mx\/Portal\/wp-json\/wp\/v2\/media?parent=233069"}],"wp:term":[{"taxonomy":"category","embeddable":true,"href":"https:\/\/rnoticias.com.mx\/Portal\/wp-json\/wp\/v2\/categories?post=233069"},{"taxonomy":"post_tag","embeddable":true,"href":"https:\/\/rnoticias.com.mx\/Portal\/wp-json\/wp\/v2\/tags?post=233069"}],"curies":[{"name":"wp","href":"https:\/\/api.w.org\/{rel}","templated":true}]}}