{"id":233066,"date":"2025-10-21T11:47:57","date_gmt":"2025-10-21T18:47:57","guid":{"rendered":"https:\/\/rnoticias.com.mx\/Portal\/?p=233066"},"modified":"2025-10-21T11:47:57","modified_gmt":"2025-10-21T18:47:57","slug":"norona-pedira-licencia-temporal-en-el-senado-para-viajar-a-palestina","status":"publish","type":"post","link":"https:\/\/rnoticias.com.mx\/Portal\/2025\/10\/21\/norona-pedira-licencia-temporal-en-el-senado-para-viajar-a-palestina\/","title":{"rendered":"Noro\u00f1a pedir\u00e1 licencia temporal en el Senado para viajar a Palestina"},"content":{"rendered":"<p>El senador\u00a0<strong>Gerardo Fern\u00e1ndez Noro\u00f1a<\/strong>\u00a0anunci\u00f3 este martes que la raz\u00f3n por la cual solicitar\u00e1\u00a0<strong>licencia<\/strong>\u00a0a su cargo durante 12 d\u00edas es porque realizar\u00e1 un\u00a0<strong>viaje a Palestina<\/strong>\u00a0por lo que saldr\u00e1 de M\u00e9xico este mi\u00e9rcoles por la noche y regresar\u00e1 el\u00a0<strong>2 de noviembre<\/strong>.<\/p>\n<p>En un comunicado ante la prensa, Noro\u00f1a explic\u00f3 que era un viaje que ten\u00eda agendado por invitaci\u00f3n de Palestina.<\/p>\n<p>Sin embargo, no dio detalles sobre los motivos del viaje del cual, asegura, los gastos ser\u00e1n cubiertos por\u00a0<strong>Emiratos \u00c1rabes<\/strong>, debido a que ha mostrado su &#8220;solidaridad\u201d con Palestina.<\/p>\n<p>Con respecto a la reciente pol\u00e9mica por su vuelo privado que realiz\u00f3 para su gira en Coahuila, Noro\u00f1a confirm\u00f3 que utiliz\u00f3 la aeronave porque necesitaba transportarse r\u00e1pidamente en su visita por los municipios.<\/p>\n<p>&nbsp;<\/p>\n<p>Fuente: Milenio<\/p>\n","protected":false},"excerpt":{"rendered":"<p>El senador\u00a0Gerardo Fern\u00e1ndez Noro\u00f1a\u00a0anunci\u00f3 este martes que la raz\u00f3n por la cual solicitar\u00e1\u00a0licencia\u00a0a su cargo durante 12 d\u00edas es porque realizar\u00e1 un\u00a0viaje a Palestina\u00a0por lo que saldr\u00e1 de M\u00e9xico este mi\u00e9rcoles por la noche y regresar\u00e1 el\u00a02 de noviembre. En un comunicado ante la prensa, Noro\u00f1a explic\u00f3 que era un viaje que ten\u00eda agendado por [&hellip;]<\/p>\n","protected":false},"author":2,"featured_media":233067,"comment_status":"closed","ping_status":"closed","sticky":false,"template":"","format":"standard","meta":{"footnotes":""},"categories":[12870,12868],"tags":[12865,12879],"class_list":["post-233066","post","type-post","status-publish","format-standard","has-post-thumbnail","hentry","category-destacadas","category-politica","tag-destacadas","tag-politica"],"jetpack_featured_media_url":"https:\/\/rnoticias.com.mx\/Portal\/wp-content\/uploads\/2025\/10\/descarga-6.webp","amp_enabled":true,"_links":{"self":[{"href":"https:\/\/rnoticias.com.mx\/Portal\/wp-json\/wp\/v2\/posts\/233066","targetHints":{"allow":["GET"]}}],"collection":[{"href":"https:\/\/rnoticias.com.mx\/Portal\/wp-json\/wp\/v2\/posts"}],"about":[{"href":"https:\/\/rnoticias.com.mx\/Portal\/wp-json\/wp\/v2\/types\/post"}],"author":[{"embeddable":true,"href":"https:\/\/rnoticias.com.mx\/Portal\/wp-json\/wp\/v2\/users\/2"}],"replies":[{"embeddable":true,"href":"https:\/\/rnoticias.com.mx\/Portal\/wp-json\/wp\/v2\/comments?post=233066"}],"version-history":[{"count":1,"href":"https:\/\/rnoticias.com.mx\/Portal\/wp-json\/wp\/v2\/posts\/233066\/revisions"}],"predecessor-version":[{"id":233068,"href":"https:\/\/rnoticias.com.mx\/Portal\/wp-json\/wp\/v2\/posts\/233066\/revisions\/233068"}],"wp:featuredmedia":[{"embeddable":true,"href":"https:\/\/rnoticias.com.mx\/Portal\/wp-json\/wp\/v2\/media\/233067"}],"wp:attachment":[{"href":"https:\/\/rnoticias.com.mx\/Portal\/wp-json\/wp\/v2\/media?parent=233066"}],"wp:term":[{"taxonomy":"category","embeddable":true,"href":"https:\/\/rnoticias.com.mx\/Portal\/wp-json\/wp\/v2\/categories?post=233066"},{"taxonomy":"post_tag","embeddable":true,"href":"https:\/\/rnoticias.com.mx\/Portal\/wp-json\/wp\/v2\/tags?post=233066"}],"curies":[{"name":"wp","href":"https:\/\/api.w.org\/{rel}","templated":true}]}}