{"id":233060,"date":"2025-10-21T11:45:04","date_gmt":"2025-10-21T18:45:04","guid":{"rendered":"https:\/\/rnoticias.com.mx\/Portal\/?p=233060"},"modified":"2025-10-21T11:45:04","modified_gmt":"2025-10-21T18:45:04","slug":"gobierno-de-sonora-promueve-convivencia-y-aprendizaje-con-actividades-culturales-y-ambientales-en-el-bosque-urbano-la-sauceda","status":"publish","type":"post","link":"https:\/\/rnoticias.com.mx\/Portal\/2025\/10\/21\/gobierno-de-sonora-promueve-convivencia-y-aprendizaje-con-actividades-culturales-y-ambientales-en-el-bosque-urbano-la-sauceda\/","title":{"rendered":"Gobierno de Sonora promueve convivencia y aprendizaje con actividades culturales y ambientales en el Bosque Urbano La Sauceda"},"content":{"rendered":"<p>Hermosillo, Sonora; 21 de octubre de 2025.- El Gobierno de Sonora, a trav\u00e9s del Bosque Urbano La Sauceda, llev\u00f3 a cabo un fin de semana lleno de actividades culturales, ambientales y recreativas que fomentaron la participaci\u00f3n familiar y el aprendizaje en comunidad.<\/p>\n<p>Las jornadas iniciaron el viernes 17 de octubre con el Econversando \u201cDegradaci\u00f3n y desertificaci\u00f3n\u201d, impartido por el ingeniero Gabriel Rodr\u00edguez Pineda, donde las y los asistentes reflexionaron sobre la importancia de cuidar nuestros ecosistemas frente a los efectos del cambio clim\u00e1tico.<\/p>\n<p>Ese mismo d\u00eda se realiz\u00f3 el taller de danza a\u00e9rea para personas adultas, una experiencia que invita a explorar nuevas formas de movimiento y expresi\u00f3n corporal.<\/p>\n<p>El s\u00e1bado 18 de octubre continu\u00f3 con la jornada de limpieza y reforestaci\u00f3n, adem\u00e1s del taller de calaveras de cart\u00f3n, una actividad creativa que promueve la participaci\u00f3n familiar en torno a las tradiciones del D\u00eda de Muertos. Tambi\u00e9n se llev\u00f3 a cabo el taller de danza a\u00e9rea para ni\u00f1as y ni\u00f1os, donde los participantes desarrollaron coordinaci\u00f3n, equilibrio y confianza a trav\u00e9s del arte del movimiento.<\/p>\n<p>Por la tarde, el programa Peque\u00f1os Guardabosques ofreci\u00f3 la din\u00e1mica \u201cMini gu\u00eda de plantas nativas\u201d, acercando a las infancias a la riqueza natural del bosque urbano.<\/p>\n<p>El domingo 19 de octubre las actividades continuaron con una nueva jornada de reforestaci\u00f3n, el taller de calaveras de cart\u00f3n y el ya tradicional Domingo Chill, que en esta ocasi\u00f3n marc\u00f3 el cierre de la Semana de la Discapacidad Visual. Durante esta edici\u00f3n, el p\u00fablico disfrut\u00f3 de una noche de m\u00fasica incluyente con artistas invitados y el Coro del Instituto Ir\u00eds, en un ambiente que celebr\u00f3 la empat\u00eda, la diversidad y el talento sin barreras.<\/p>\n<p>Adem\u00e1s, se contin\u00faa avanzando en la construcci\u00f3n de palapas de carrizo, parte del proyecto de bioconstrucci\u00f3n que aprovecha las estructuras existentes y materiales naturales para regenerar espacios de convivencia dentro del bosque urbano.<\/p>\n<p>Con estas acciones, el Gobierno de Sonora reafirma su compromiso con el fortalecimiento de espacios p\u00fablicos para la convivencia, la cultura y el cuidado ambiental, impulsando la regeneraci\u00f3n del Bosque Urbano La Sauceda como un punto de encuentro para todas y todos.<\/p>\n","protected":false},"excerpt":{"rendered":"<p>Hermosillo, Sonora; 21 de octubre de 2025.- El Gobierno de Sonora, a trav\u00e9s del Bosque Urbano La Sauceda, llev\u00f3 a cabo un fin de semana lleno de actividades culturales, ambientales y recreativas que fomentaron la participaci\u00f3n familiar y el aprendizaje en comunidad. Las jornadas iniciaron el viernes 17 de octubre con el Econversando \u201cDegradaci\u00f3n y [&hellip;]<\/p>\n","protected":false},"author":2,"featured_media":233061,"comment_status":"closed","ping_status":"closed","sticky":false,"template":"","format":"standard","meta":{"footnotes":""},"categories":[12870,178],"tags":[12865,12869],"class_list":["post-233060","post","type-post","status-publish","format-standard","has-post-thumbnail","hentry","category-destacadas","category-local","tag-destacadas","tag-local"],"jetpack_featured_media_url":"https:\/\/rnoticias.com.mx\/Portal\/wp-content\/uploads\/2025\/10\/unnamed-2-11.jpg","amp_enabled":true,"_links":{"self":[{"href":"https:\/\/rnoticias.com.mx\/Portal\/wp-json\/wp\/v2\/posts\/233060","targetHints":{"allow":["GET"]}}],"collection":[{"href":"https:\/\/rnoticias.com.mx\/Portal\/wp-json\/wp\/v2\/posts"}],"about":[{"href":"https:\/\/rnoticias.com.mx\/Portal\/wp-json\/wp\/v2\/types\/post"}],"author":[{"embeddable":true,"href":"https:\/\/rnoticias.com.mx\/Portal\/wp-json\/wp\/v2\/users\/2"}],"replies":[{"embeddable":true,"href":"https:\/\/rnoticias.com.mx\/Portal\/wp-json\/wp\/v2\/comments?post=233060"}],"version-history":[{"count":1,"href":"https:\/\/rnoticias.com.mx\/Portal\/wp-json\/wp\/v2\/posts\/233060\/revisions"}],"predecessor-version":[{"id":233062,"href":"https:\/\/rnoticias.com.mx\/Portal\/wp-json\/wp\/v2\/posts\/233060\/revisions\/233062"}],"wp:featuredmedia":[{"embeddable":true,"href":"https:\/\/rnoticias.com.mx\/Portal\/wp-json\/wp\/v2\/media\/233061"}],"wp:attachment":[{"href":"https:\/\/rnoticias.com.mx\/Portal\/wp-json\/wp\/v2\/media?parent=233060"}],"wp:term":[{"taxonomy":"category","embeddable":true,"href":"https:\/\/rnoticias.com.mx\/Portal\/wp-json\/wp\/v2\/categories?post=233060"},{"taxonomy":"post_tag","embeddable":true,"href":"https:\/\/rnoticias.com.mx\/Portal\/wp-json\/wp\/v2\/tags?post=233060"}],"curies":[{"name":"wp","href":"https:\/\/api.w.org\/{rel}","templated":true}]}}