{"id":233049,"date":"2025-10-20T21:41:28","date_gmt":"2025-10-21T04:41:28","guid":{"rendered":"https:\/\/rnoticias.com.mx\/Portal\/?p=233049"},"modified":"2025-10-20T21:41:28","modified_gmt":"2025-10-21T04:41:28","slug":"la-igualdad-y-la-paridad-son-pilares-del-orden-constitucional-mexicano-guadalupe-taddei-zavala","status":"publish","type":"post","link":"https:\/\/rnoticias.com.mx\/Portal\/2025\/10\/20\/la-igualdad-y-la-paridad-son-pilares-del-orden-constitucional-mexicano-guadalupe-taddei-zavala\/","title":{"rendered":"La igualdad y la paridad son pilares del orden constitucional mexicano: Guadalupe Taddei Zavala"},"content":{"rendered":"<p class=\"x_MsoNormal\"><span data-olk-copy-source=\"MessageBody\">Guadalupe Taddei Zavala, Consejera Presidenta del Instituto Nacional Electoral (INE) se\u00f1al\u00f3 durante su participaci\u00f3n en la presentaci\u00f3n del libro\u00a0<i>Constituci\u00f3n Pol\u00edtica de los Estados Unidos Mexicanos, con una mirada Violeta\u201d<\/i>, en el hist\u00f3rico Teatro de la Rep\u00fablica en el estado de Quer\u00e9taro, que la publicaci\u00f3n es una herramienta pedag\u00f3gica y ciudadana que transforma la Constituci\u00f3n en una cr\u00f3nica visual de los derechos de las mujeres.<\/span><\/p>\n<p class=\"x_MsoNormal\">\n<p class=\"x_MsoNormal\">En su mensaje, subray\u00f3 que \u201cla democracia ser\u00e1 paritaria, o no ser\u00e1\u201d, pues la igualdad y la paridad son pilares del orden constitucional mexicano y augur\u00f3 que la obra permitir\u00e1 a las nuevas generaciones comprender que la igualdad no es una aspiraci\u00f3n, sino un mandato constitucional.<\/p>\n<p class=\"x_MsoNormal\">\n<p class=\"x_MsoNormal\">En el marco del 72 aniversario del Voto de las Mujeres en M\u00e9xico, Taddei Zavala dijo que la obra editorial visibiliza los avances en materia de igualdad de g\u00e9nero en el texto constitucional.<\/p>\n<p class=\"x_MsoNormal\">\n<p class=\"x_MsoNormal\">Indic\u00f3 que los colores violeta y naranja que la edici\u00f3n utiliza son s\u00edmbolos de la lucha feminista y del compromiso global por erradicar la violencia contra las mujeres. Tambi\u00e9n que, gracias a su dise\u00f1o accesible, se pueden identificar los hitos constitucionales en materia de paridad, desde su incorporaci\u00f3n en 2014 hasta su consolidaci\u00f3n en 2019.<\/p>\n<p class=\"x_MsoNormal\">\n<p class=\"x_MsoNormal\">La Presidenta del INE, reconoci\u00f3 al Tribunal Electoral del Poder Judicial de la Federaci\u00f3n (TEPJF) por esta iniciativa editorial, que convierte un texto jur\u00eddico en un instrumento de empoderamiento ciudadano. \u201cLo que no se nombra, corre el riesgo de no existir. Esta Constituci\u00f3n con mirada violeta es una declaraci\u00f3n permanente de que la igualdad est\u00e1 en el coraz\u00f3n de nuestro pacto social\u201d, afirm\u00f3.<\/p>\n<p class=\"x_MsoNormal\">\n<p class=\"x_MsoNormal\">Finalmente, se\u00f1al\u00f3 que esta edici\u00f3n especializada se puede llegar a consolidar como un referente para autoridades, acad\u00e9micos y ciudadan\u00eda, como un recordatorio de que los derechos deben vivirse, no s\u00f3lo leerse, concluy\u00f3 Taddei Zavala.<\/p>\n<p class=\"x_MsoNormal\">\n<p class=\"x_MsoNormal\">En el evento participaron, la Presidenta del Instituto Electoral del Estado de Quer\u00e9taro, Grisel Mu\u00f1iz Rodr\u00edguez, por parte de la Sala Superior del Tribunal Electoral del Poder Judicial de la Federaci\u00f3n, asistieron la Magistrada Presidenta M\u00f3nica Aral\u00ed Soto Fregoso, la Magistrada Claudia Valle Aguilasocho y el Magistrado Gilberto de Guzm\u00e1n B\u00e1tiz; Yasm\u00edn Esquivel Mossa, Ministra de la Suprema Corte de Justicia de la Naci\u00f3n (SCJN). Celia Maya Garc\u00eda, Magistrada del Tribunal de Disciplina Judicial, la Senadora Mar\u00eda Guadalupe Murgu\u00eda Guti\u00e9rrez, as\u00ed como Citlalli Hern\u00e1ndez Mora, Secretar\u00eda de las Mujeres.<\/p>\n<p class=\"x_MsoNormal\">\n<p class=\"x_MsoNormal\">Tambi\u00e9n Mauricio Kuri Gonz\u00e1lez, Gobernador Constitucional de Quer\u00e9taro, Felipe Mac\u00edas Olvera, Presidente Municipal de Santiago de Quer\u00e9taro y el Senador Agust\u00edn Dorantes L\u00e1mbarri.<\/p>\n","protected":false},"excerpt":{"rendered":"<p>Guadalupe Taddei Zavala, Consejera Presidenta del Instituto Nacional Electoral (INE) se\u00f1al\u00f3 durante su participaci\u00f3n en la presentaci\u00f3n del libro\u00a0Constituci\u00f3n Pol\u00edtica de los Estados Unidos Mexicanos, con una mirada Violeta\u201d, en el hist\u00f3rico Teatro de la Rep\u00fablica en el estado de Quer\u00e9taro, que la publicaci\u00f3n es una herramienta pedag\u00f3gica y ciudadana que transforma la Constituci\u00f3n en [&hellip;]<\/p>\n","protected":false},"author":2,"featured_media":233050,"comment_status":"closed","ping_status":"closed","sticky":false,"template":"","format":"standard","meta":{"footnotes":""},"categories":[12870,12868],"tags":[12865,12879],"class_list":["post-233049","post","type-post","status-publish","format-standard","has-post-thumbnail","hentry","category-destacadas","category-politica","tag-destacadas","tag-politica"],"jetpack_featured_media_url":"https:\/\/rnoticias.com.mx\/Portal\/wp-content\/uploads\/2025\/10\/3-5-1024x682-1.jpg","amp_enabled":true,"_links":{"self":[{"href":"https:\/\/rnoticias.com.mx\/Portal\/wp-json\/wp\/v2\/posts\/233049","targetHints":{"allow":["GET"]}}],"collection":[{"href":"https:\/\/rnoticias.com.mx\/Portal\/wp-json\/wp\/v2\/posts"}],"about":[{"href":"https:\/\/rnoticias.com.mx\/Portal\/wp-json\/wp\/v2\/types\/post"}],"author":[{"embeddable":true,"href":"https:\/\/rnoticias.com.mx\/Portal\/wp-json\/wp\/v2\/users\/2"}],"replies":[{"embeddable":true,"href":"https:\/\/rnoticias.com.mx\/Portal\/wp-json\/wp\/v2\/comments?post=233049"}],"version-history":[{"count":1,"href":"https:\/\/rnoticias.com.mx\/Portal\/wp-json\/wp\/v2\/posts\/233049\/revisions"}],"predecessor-version":[{"id":233051,"href":"https:\/\/rnoticias.com.mx\/Portal\/wp-json\/wp\/v2\/posts\/233049\/revisions\/233051"}],"wp:featuredmedia":[{"embeddable":true,"href":"https:\/\/rnoticias.com.mx\/Portal\/wp-json\/wp\/v2\/media\/233050"}],"wp:attachment":[{"href":"https:\/\/rnoticias.com.mx\/Portal\/wp-json\/wp\/v2\/media?parent=233049"}],"wp:term":[{"taxonomy":"category","embeddable":true,"href":"https:\/\/rnoticias.com.mx\/Portal\/wp-json\/wp\/v2\/categories?post=233049"},{"taxonomy":"post_tag","embeddable":true,"href":"https:\/\/rnoticias.com.mx\/Portal\/wp-json\/wp\/v2\/tags?post=233049"}],"curies":[{"name":"wp","href":"https:\/\/api.w.org\/{rel}","templated":true}]}}