{"id":233037,"date":"2025-10-20T20:46:05","date_gmt":"2025-10-21T03:46:05","guid":{"rendered":"https:\/\/rnoticias.com.mx\/Portal\/?p=233037"},"modified":"2025-10-20T20:46:05","modified_gmt":"2025-10-21T03:46:05","slug":"aplazan-otra-vez-audiencia-de-contralmirante-fernando-farias-ligado-a-huachicol-fiscal","status":"publish","type":"post","link":"https:\/\/rnoticias.com.mx\/Portal\/2025\/10\/20\/aplazan-otra-vez-audiencia-de-contralmirante-fernando-farias-ligado-a-huachicol-fiscal\/","title":{"rendered":"Aplazan otra vez audiencia de contralmirante Fernando Far\u00edas, ligado a huachicol fiscal"},"content":{"rendered":"<p>Un juez de control reagend\u00f3, por segunda ocasi\u00f3n, la audiencia inicial de\u00a0<strong>Fernando Far\u00edas Laguna<\/strong>,\u00a0<strong>contralmirante<\/strong>\u00a0de la\u00a0<strong>Secretar\u00eda de la Marina<\/strong>\u00a0(Semar) y pr\u00f3fugo de la justicia, tras ser se\u00f1alado por el caso de\u00a0<strong>huachicol fiscal<\/strong>.<\/p>\n<p>Fue la defensa de Far\u00edas Laguna que solicit\u00f3 la reprogramaci\u00f3n argumentando que la\u00a0<strong>Fiscal\u00eda General de la Rep\u00fablica<\/strong>\u00a0(FGR) no ha terminado de entregar la totalidad de la carpeta de investigaci\u00f3n, adem\u00e1s de que est\u00e1 pendiente el cotejo del documento.<\/p>\n<p>En tanto, Emma Cristina Carlos \u00c1valos, titular del Juzgado Decimoprimero de Distrito en materia Penal, desech\u00f3 una ampliaci\u00f3n de la demanda de amparo que interpuso Far\u00edas Laguna contra la\u00a0<strong>orden de aprehensi\u00f3n<\/strong>\u00a0que se libr\u00f3 en su contra por el delito de\u00a0<strong>delincuencia organizada<\/strong>\u00a0con fines de cometer delitos en materia de\u00a0<strong>hidrocarburos<\/strong>.<\/p>\n<p>&nbsp;<\/p>\n<p>Fuente: mvs noticias<\/p>\n","protected":false},"excerpt":{"rendered":"<p>Un juez de control reagend\u00f3, por segunda ocasi\u00f3n, la audiencia inicial de\u00a0Fernando Far\u00edas Laguna,\u00a0contralmirante\u00a0de la\u00a0Secretar\u00eda de la Marina\u00a0(Semar) y pr\u00f3fugo de la justicia, tras ser se\u00f1alado por el caso de\u00a0huachicol fiscal. Fue la defensa de Far\u00edas Laguna que solicit\u00f3 la reprogramaci\u00f3n argumentando que la\u00a0Fiscal\u00eda General de la Rep\u00fablica\u00a0(FGR) no ha terminado de entregar la totalidad [&hellip;]<\/p>\n","protected":false},"author":2,"featured_media":233038,"comment_status":"closed","ping_status":"closed","sticky":false,"template":"","format":"standard","meta":{"footnotes":""},"categories":[12870,172],"tags":[12865,12874],"class_list":["post-233037","post","type-post","status-publish","format-standard","has-post-thumbnail","hentry","category-destacadas","category-nacional","tag-destacadas","tag-nacional"],"jetpack_featured_media_url":"https:\/\/rnoticias.com.mx\/Portal\/wp-content\/uploads\/2025\/10\/Huachicol-Fiscal-aplazan-audiencia-Fernando-Farias.jpg","amp_enabled":true,"_links":{"self":[{"href":"https:\/\/rnoticias.com.mx\/Portal\/wp-json\/wp\/v2\/posts\/233037","targetHints":{"allow":["GET"]}}],"collection":[{"href":"https:\/\/rnoticias.com.mx\/Portal\/wp-json\/wp\/v2\/posts"}],"about":[{"href":"https:\/\/rnoticias.com.mx\/Portal\/wp-json\/wp\/v2\/types\/post"}],"author":[{"embeddable":true,"href":"https:\/\/rnoticias.com.mx\/Portal\/wp-json\/wp\/v2\/users\/2"}],"replies":[{"embeddable":true,"href":"https:\/\/rnoticias.com.mx\/Portal\/wp-json\/wp\/v2\/comments?post=233037"}],"version-history":[{"count":1,"href":"https:\/\/rnoticias.com.mx\/Portal\/wp-json\/wp\/v2\/posts\/233037\/revisions"}],"predecessor-version":[{"id":233039,"href":"https:\/\/rnoticias.com.mx\/Portal\/wp-json\/wp\/v2\/posts\/233037\/revisions\/233039"}],"wp:featuredmedia":[{"embeddable":true,"href":"https:\/\/rnoticias.com.mx\/Portal\/wp-json\/wp\/v2\/media\/233038"}],"wp:attachment":[{"href":"https:\/\/rnoticias.com.mx\/Portal\/wp-json\/wp\/v2\/media?parent=233037"}],"wp:term":[{"taxonomy":"category","embeddable":true,"href":"https:\/\/rnoticias.com.mx\/Portal\/wp-json\/wp\/v2\/categories?post=233037"},{"taxonomy":"post_tag","embeddable":true,"href":"https:\/\/rnoticias.com.mx\/Portal\/wp-json\/wp\/v2\/tags?post=233037"}],"curies":[{"name":"wp","href":"https:\/\/api.w.org\/{rel}","templated":true}]}}