{"id":233019,"date":"2025-10-20T20:16:22","date_gmt":"2025-10-21T03:16:22","guid":{"rendered":"https:\/\/rnoticias.com.mx\/Portal\/?p=233019"},"modified":"2025-10-20T20:16:22","modified_gmt":"2025-10-21T03:16:22","slug":"apoya-tono-astiazaran-proyecto-de-forestacion-e-infraestructura-verde-en-pueblitos","status":"publish","type":"post","link":"https:\/\/rnoticias.com.mx\/Portal\/2025\/10\/20\/apoya-tono-astiazaran-proyecto-de-forestacion-e-infraestructura-verde-en-pueblitos\/","title":{"rendered":"Apoya To\u00f1o Astiazar\u00e1n proyecto de forestaci\u00f3n e infraestructura verde en Pueblitos"},"content":{"rendered":"<p>Hermosillo, Sonora; 20 de octubre de 2025.- Un proyecto de forestaci\u00f3n e infraestructura verde en la Glorieta de la colonia Pueblitos ser\u00e1 apoyado por el presidente municipal Antonio Astiazar\u00e1n Guti\u00e9rrez a partir del a\u00f1o pr\u00f3ximo.<\/p>\n<p>En la segunda sesi\u00f3n del Comit\u00e9 de Monitoreo de Calidad del Aire, el director del Instituto Municipal de Planeaci\u00f3n Urbana y del Espacio P\u00fablico (IMPLAN), Jos\u00e9 Carrillo Atondo, present\u00f3 est\u00e1 propuesta impulsada por el Comit\u00e9 que busca mejorar la calidad del aire, reducir la temperatura superficial y embellecer el entorno urbano.<\/p>\n<p>Esto se llevar\u00e1 a cabo mediante la plantaci\u00f3n de especies nativas, la instalaci\u00f3n de una cisterna para riego con agua tratada, microcuencas de retenci\u00f3n y materiales permeables que conserven la humedad del suelo, con una inversi\u00f3n estimada de 1.9 millones de pesos.<\/p>\n<p>El proyecto contempla la intervenci\u00f3n de m\u00e1s de 5 mil metros cuadrados e incluye la renovaci\u00f3n del alumbrado p\u00fablico. Adem\u00e1s, se promover\u00e1 la participaci\u00f3n de escuelas, grupos deportivos y vecinos en las jornadas de plantaci\u00f3n y cuidado de las \u00e1reas verdes, fortaleciendo la participaci\u00f3n ciudadana y el compromiso ambiental en la zona norte de la ciudad.<\/p>\n<p>El Comit\u00e9 qued\u00f3 constituido el 13 de mayo de 2025 y est\u00e1 conformado por representantes de instituciones municipales, estatales y federales, as\u00ed como miembros de la ciudadan\u00eda, de la academia, del sector energ\u00eda y transporte, consultores ambientales y asociaciones de la sociedad civil.<\/p>\n","protected":false},"excerpt":{"rendered":"<p>Hermosillo, Sonora; 20 de octubre de 2025.- Un proyecto de forestaci\u00f3n e infraestructura verde en la Glorieta de la colonia Pueblitos ser\u00e1 apoyado por el presidente municipal Antonio Astiazar\u00e1n Guti\u00e9rrez a partir del a\u00f1o pr\u00f3ximo. En la segunda sesi\u00f3n del Comit\u00e9 de Monitoreo de Calidad del Aire, el director del Instituto Municipal de Planeaci\u00f3n Urbana [&hellip;]<\/p>\n","protected":false},"author":2,"featured_media":233020,"comment_status":"closed","ping_status":"closed","sticky":false,"template":"","format":"standard","meta":{"footnotes":""},"categories":[12870,178],"tags":[12865,12869],"class_list":["post-233019","post","type-post","status-publish","format-standard","has-post-thumbnail","hentry","category-destacadas","category-local","tag-destacadas","tag-local"],"jetpack_featured_media_url":"https:\/\/rnoticias.com.mx\/Portal\/wp-content\/uploads\/2025\/10\/c59bb67a-b12f-42e3-ae59-5f8835049d76.jpeg","amp_enabled":true,"_links":{"self":[{"href":"https:\/\/rnoticias.com.mx\/Portal\/wp-json\/wp\/v2\/posts\/233019","targetHints":{"allow":["GET"]}}],"collection":[{"href":"https:\/\/rnoticias.com.mx\/Portal\/wp-json\/wp\/v2\/posts"}],"about":[{"href":"https:\/\/rnoticias.com.mx\/Portal\/wp-json\/wp\/v2\/types\/post"}],"author":[{"embeddable":true,"href":"https:\/\/rnoticias.com.mx\/Portal\/wp-json\/wp\/v2\/users\/2"}],"replies":[{"embeddable":true,"href":"https:\/\/rnoticias.com.mx\/Portal\/wp-json\/wp\/v2\/comments?post=233019"}],"version-history":[{"count":1,"href":"https:\/\/rnoticias.com.mx\/Portal\/wp-json\/wp\/v2\/posts\/233019\/revisions"}],"predecessor-version":[{"id":233021,"href":"https:\/\/rnoticias.com.mx\/Portal\/wp-json\/wp\/v2\/posts\/233019\/revisions\/233021"}],"wp:featuredmedia":[{"embeddable":true,"href":"https:\/\/rnoticias.com.mx\/Portal\/wp-json\/wp\/v2\/media\/233020"}],"wp:attachment":[{"href":"https:\/\/rnoticias.com.mx\/Portal\/wp-json\/wp\/v2\/media?parent=233019"}],"wp:term":[{"taxonomy":"category","embeddable":true,"href":"https:\/\/rnoticias.com.mx\/Portal\/wp-json\/wp\/v2\/categories?post=233019"},{"taxonomy":"post_tag","embeddable":true,"href":"https:\/\/rnoticias.com.mx\/Portal\/wp-json\/wp\/v2\/tags?post=233019"}],"curies":[{"name":"wp","href":"https:\/\/api.w.org\/{rel}","templated":true}]}}