{"id":233016,"date":"2025-10-20T20:12:58","date_gmt":"2025-10-21T03:12:58","guid":{"rendered":"https:\/\/rnoticias.com.mx\/Portal\/?p=233016"},"modified":"2025-10-20T20:12:58","modified_gmt":"2025-10-21T03:12:58","slug":"conagua-impulsa-el-proyecto-de-presa-puerta-del-sol-en-el-rio-sonora","status":"publish","type":"post","link":"https:\/\/rnoticias.com.mx\/Portal\/2025\/10\/20\/conagua-impulsa-el-proyecto-de-presa-puerta-del-sol-en-el-rio-sonora\/","title":{"rendered":"Conagua impulsa el proyecto de presa Puerta del Sol en el r\u00edo Sonora"},"content":{"rendered":"<p>La Comisi\u00f3n Nacional del Agua (Conagua), a trav\u00e9s del Organismo de Cuenca Noroeste, avanza en el desarrollo del Proyecto de Presa Puerta del Sol, una obra clave del Plan Integral de la Regi\u00f3n del R\u00edo Sonora, que busca mejorar el manejo y aprovechamiento del recurso h\u00eddrico en la entidad.<\/p>\n<p>&nbsp;<\/p>\n<p>La ingeniera Graciela Catalina Trevi\u00f1o Mac\u00edas, directora t\u00e9cnica del Organismo, explic\u00f3 que la presa se ubicar\u00e1 aguas arriba de El Molinito, en el municipio de Ures, y tendr\u00e1 una capacidad de 128 millones de metros c\u00fabicos, trabajando en conjunto con las presas El Molinito y La Angostura.<\/p>\n<p>&nbsp;<\/p>\n<p>\u201c\u00bfC\u00f3mo va a funcionar? Durante todo el a\u00f1o el agua\u00a0va a estar escurriendo normal, lo que lleva el cauce del r\u00edo, la cortina de la presa\u00a0es una cortina de concreto compactado con rodillo, tiene una v\u00e1lvula de desfogue que\u00a0est\u00e1 al nivel del terreno natural, entonces escurre el agua del r\u00edo, atraviesa la v\u00e1lvula\u00a0de desfogue que es para cruzar la cortina y contin\u00faa aguas abajo hasta llegar al molinito.\u00a0As\u00ed estar\u00eda funcionando, ya que molinito tenga los 28 millones de almacenamiento es\u00a0cuando iniciamos el almacenamiento en Puerta del Sol\u201d, detall\u00f3.<\/p>\n<p>&nbsp;<\/p>\n<p>A\u00f1adi\u00f3, que posteriormente se cerrar\u00eda la v\u00e1lvula de desfogue\u00a0y ya se controlar\u00eda el flujo para tener un caudal m\u00e1s peque\u00f1o, pr\u00e1cticamente el caudal\u00a0ecol\u00f3gico nada m\u00e1s, en lo que se contin\u00faa almacenando.<\/p>\n<p>&nbsp;<\/p>\n<p>Agreg\u00f3, que el proyecto beneficiar\u00e1 a las unidades de riego del municipio de Ures, al brindar mayor seguridad en la disponibilidad del agua y promover un uso m\u00e1s eficiente mediante planeaci\u00f3n conjunta con los usuarios agr\u00edcolas y urbanos.<\/p>\n<p>&nbsp;<\/p>\n<p>Finalmente, dijo, que actualmente, se cuenta con estudios de topograf\u00eda, geotecnia y geof\u00edsica del sitio, as\u00ed como con la geometr\u00eda preliminar de la cortina, y se contin\u00faa con el proceso de socializaci\u00f3n y consulta con las comunidades locales.<\/p>\n","protected":false},"excerpt":{"rendered":"<p>La Comisi\u00f3n Nacional del Agua (Conagua), a trav\u00e9s del Organismo de Cuenca Noroeste, avanza en el desarrollo del Proyecto de Presa Puerta del Sol, una obra clave del Plan Integral de la Regi\u00f3n del R\u00edo Sonora, que busca mejorar el manejo y aprovechamiento del recurso h\u00eddrico en la entidad. &nbsp; La ingeniera Graciela Catalina Trevi\u00f1o [&hellip;]<\/p>\n","protected":false},"author":2,"featured_media":233017,"comment_status":"closed","ping_status":"closed","sticky":false,"template":"","format":"standard","meta":{"footnotes":""},"categories":[12870,178],"tags":[12865,12869],"class_list":["post-233016","post","type-post","status-publish","format-standard","has-post-thumbnail","hentry","category-destacadas","category-local","tag-destacadas","tag-local"],"jetpack_featured_media_url":"https:\/\/rnoticias.com.mx\/Portal\/wp-content\/uploads\/2025\/10\/335e68ec-c3dd-41c2-8cb7-b0b7a1efb276.jpeg","amp_enabled":true,"_links":{"self":[{"href":"https:\/\/rnoticias.com.mx\/Portal\/wp-json\/wp\/v2\/posts\/233016","targetHints":{"allow":["GET"]}}],"collection":[{"href":"https:\/\/rnoticias.com.mx\/Portal\/wp-json\/wp\/v2\/posts"}],"about":[{"href":"https:\/\/rnoticias.com.mx\/Portal\/wp-json\/wp\/v2\/types\/post"}],"author":[{"embeddable":true,"href":"https:\/\/rnoticias.com.mx\/Portal\/wp-json\/wp\/v2\/users\/2"}],"replies":[{"embeddable":true,"href":"https:\/\/rnoticias.com.mx\/Portal\/wp-json\/wp\/v2\/comments?post=233016"}],"version-history":[{"count":1,"href":"https:\/\/rnoticias.com.mx\/Portal\/wp-json\/wp\/v2\/posts\/233016\/revisions"}],"predecessor-version":[{"id":233018,"href":"https:\/\/rnoticias.com.mx\/Portal\/wp-json\/wp\/v2\/posts\/233016\/revisions\/233018"}],"wp:featuredmedia":[{"embeddable":true,"href":"https:\/\/rnoticias.com.mx\/Portal\/wp-json\/wp\/v2\/media\/233017"}],"wp:attachment":[{"href":"https:\/\/rnoticias.com.mx\/Portal\/wp-json\/wp\/v2\/media?parent=233016"}],"wp:term":[{"taxonomy":"category","embeddable":true,"href":"https:\/\/rnoticias.com.mx\/Portal\/wp-json\/wp\/v2\/categories?post=233016"},{"taxonomy":"post_tag","embeddable":true,"href":"https:\/\/rnoticias.com.mx\/Portal\/wp-json\/wp\/v2\/tags?post=233016"}],"curies":[{"name":"wp","href":"https:\/\/api.w.org\/{rel}","templated":true}]}}