{"id":233002,"date":"2025-10-20T16:45:36","date_gmt":"2025-10-20T23:45:36","guid":{"rendered":"https:\/\/rnoticias.com.mx\/Portal\/?p=233002"},"modified":"2025-10-20T16:45:36","modified_gmt":"2025-10-20T23:45:36","slug":"conductores-de-autobus-tienen-ordenes-de-aprehension-fgjes","status":"publish","type":"post","link":"https:\/\/rnoticias.com.mx\/Portal\/2025\/10\/20\/conductores-de-autobus-tienen-ordenes-de-aprehension-fgjes\/","title":{"rendered":"Conductores de autob\u00fas tienen \u00f3rdenes de aprehensi\u00f3n: FGJES"},"content":{"rendered":"<p>Hermosillo, Sonora, 20 de octubre de 2025.- La Fiscal\u00eda General de Justicia del Estado de Sonora (FGJES) mantiene un operativo para cumplimentar las \u00f3rdenes de aprehensi\u00f3n en contra de dos conductores plenamente identificados por su probable responsabilidad en el delito de homicidio culposo, lesiones culposo y da\u00f1os, as\u00ed como abandono de personas, inform\u00f3 Martha L\u00f3pez Holgu\u00edn.<\/p>\n<p>La directora general de Atenci\u00f3n Temprana de la Fiscal\u00eda General de Justicia del Estado de Sonora puntualiz\u00f3 que las \u00f3rdenes de aprehensi\u00f3n derivan del accidente ocurrido el pasado 17 de octubre en la carretera Guaymas-Hermosillo, donde el autob\u00fas de la l\u00ednea Tufesa, unidad 535, volc\u00f3 causando la muerte de 7 personas y lesiones a 24 pasajeros.<\/p>\n<p>Agreg\u00f3 que las investigaciones ministeriales establecieron que ambos choferes abandonaron el lugar tras el siniestro, por lo que tambi\u00e9n enfrentan imputaciones por abandono de personas y, de acreditarse que recibieron ayuda de terceros para escapar del sitio, tambi\u00e9n podr\u00eda procederse en contra de dichos c\u00f3mplices, a lo que se suma que se emitieron solicitudes de colaboraci\u00f3n interinstitucional con autoridades de otras entidades para su pronta captura.<\/p>\n<p>Con base en los resultados de peritajes en criminal\u00edstica y dictamen de causalidad, se determin\u00f3 que el percance fue provocado por p\u00e9rdida de control, salida del camino y volcadura atribuible al conductor, afirm\u00f3.<\/p>\n<p>Durante el desarrollo de las indagatorias, la FGJES integr\u00f3 informes policiales, entrevistas a v\u00edctimas lesionadas, siete actas de entrega de cuerpos, dict\u00e1menes m\u00e9dicos y periciales, as\u00ed como documentaci\u00f3n proporcionada por el apoderado legal de la empresa, quien acredit\u00f3 la p\u00f3liza de seguros y se comprometi\u00f3 a cubrir los gastos m\u00e9dicos y funerarios.<\/p>\n<p>Por su parte, el Vicefiscal de Control de Procesos, Tadeo Grad\u00edas Enr\u00edquez, agreg\u00f3 que los delitos que se imputan podr\u00edan alcanzar hasta un acumulado de 50 a\u00f1os de prisi\u00f3n.<\/p>\n<p>Adem\u00e1s de esto, en coordinaci\u00f3n con la Comisi\u00f3n Ejecutiva Estatal de Atenci\u00f3n a V\u00edctimas (CEEAV), la Fiscal\u00eda particip\u00f3 en las acciones interinstitucionales implementadas por el Gobierno de Sonora tras el accidente, al desplegar equipos jur\u00eddicos y psicol\u00f3gicos que brindaron acompa\u00f1amiento a las familias.<\/p>\n<p>Especialistas en psicolog\u00eda dieron acompa\u00f1amiento a familiares de las v\u00edctimas en el reconocimiento y entrega de los cuerpos e intervinieron en hospitales para dar seguimiento al estado de salud de las personas lesionadas.<\/p>\n<p>En lo referente al estado de salud de las personas lesionadas, la informaci\u00f3n ser\u00e1 dada a conocer con mayor detalle por la Secretar\u00eda de Salud del Gobierno del Estado de Sonora.<\/p>\n<p>Con estas acciones, la FGJES con el Gobierno del Estado de Sonora reafirma su compromiso con la aplicaci\u00f3n de la ley, la atenci\u00f3n integral a las v\u00edctimas y el esclarecimiento de los hechos que cobraron la vida de personas en este lamentable suceso.<\/p>\n","protected":false},"excerpt":{"rendered":"<p>Hermosillo, Sonora, 20 de octubre de 2025.- La Fiscal\u00eda General de Justicia del Estado de Sonora (FGJES) mantiene un operativo para cumplimentar las \u00f3rdenes de aprehensi\u00f3n en contra de dos conductores plenamente identificados por su probable responsabilidad en el delito de homicidio culposo, lesiones culposo y da\u00f1os, as\u00ed como abandono de personas, inform\u00f3 Martha L\u00f3pez [&hellip;]<\/p>\n","protected":false},"author":2,"featured_media":233003,"comment_status":"closed","ping_status":"closed","sticky":false,"template":"","format":"standard","meta":{"footnotes":""},"categories":[12870,178],"tags":[12865,12869],"class_list":["post-233002","post","type-post","status-publish","format-standard","has-post-thumbnail","hentry","category-destacadas","category-local","tag-destacadas","tag-local"],"jetpack_featured_media_url":"https:\/\/rnoticias.com.mx\/Portal\/wp-content\/uploads\/2025\/10\/89.webp","amp_enabled":true,"_links":{"self":[{"href":"https:\/\/rnoticias.com.mx\/Portal\/wp-json\/wp\/v2\/posts\/233002","targetHints":{"allow":["GET"]}}],"collection":[{"href":"https:\/\/rnoticias.com.mx\/Portal\/wp-json\/wp\/v2\/posts"}],"about":[{"href":"https:\/\/rnoticias.com.mx\/Portal\/wp-json\/wp\/v2\/types\/post"}],"author":[{"embeddable":true,"href":"https:\/\/rnoticias.com.mx\/Portal\/wp-json\/wp\/v2\/users\/2"}],"replies":[{"embeddable":true,"href":"https:\/\/rnoticias.com.mx\/Portal\/wp-json\/wp\/v2\/comments?post=233002"}],"version-history":[{"count":1,"href":"https:\/\/rnoticias.com.mx\/Portal\/wp-json\/wp\/v2\/posts\/233002\/revisions"}],"predecessor-version":[{"id":233004,"href":"https:\/\/rnoticias.com.mx\/Portal\/wp-json\/wp\/v2\/posts\/233002\/revisions\/233004"}],"wp:featuredmedia":[{"embeddable":true,"href":"https:\/\/rnoticias.com.mx\/Portal\/wp-json\/wp\/v2\/media\/233003"}],"wp:attachment":[{"href":"https:\/\/rnoticias.com.mx\/Portal\/wp-json\/wp\/v2\/media?parent=233002"}],"wp:term":[{"taxonomy":"category","embeddable":true,"href":"https:\/\/rnoticias.com.mx\/Portal\/wp-json\/wp\/v2\/categories?post=233002"},{"taxonomy":"post_tag","embeddable":true,"href":"https:\/\/rnoticias.com.mx\/Portal\/wp-json\/wp\/v2\/tags?post=233002"}],"curies":[{"name":"wp","href":"https:\/\/api.w.org\/{rel}","templated":true}]}}