{"id":232996,"date":"2025-10-20T16:19:58","date_gmt":"2025-10-20T23:19:58","guid":{"rendered":"https:\/\/rnoticias.com.mx\/Portal\/?p=232996"},"modified":"2025-10-20T16:19:58","modified_gmt":"2025-10-20T23:19:58","slug":"reconoce-gobierno-de-sonora-trayectoria-de-personal-de-servicio-de-cecyte","status":"publish","type":"post","link":"https:\/\/rnoticias.com.mx\/Portal\/2025\/10\/20\/reconoce-gobierno-de-sonora-trayectoria-de-personal-de-servicio-de-cecyte\/","title":{"rendered":"Reconoce Gobierno de Sonora trayectoria de personal de servicio de Cecyte"},"content":{"rendered":"<p>Hermosillo, Sonora; 20 de octubre de 2025.- El Gobierno de Sonora, a trav\u00e9s del Colegio de Estudios Cient\u00edficos y Tecnol\u00f3gicos del Estado de Sonora (Cecyte) conmemor\u00f3 el 34 aniversario del subsistema con una ceremonia en la que reconoci\u00f3 la trayectoria de docentes y personal de servicio por sus a\u00f1os de dedicaci\u00f3n, esfuerzo y compromiso con la educaci\u00f3n de las y los j\u00f3venes sonorenses.<\/p>\n<p>Actualmente, Cecyte Sonora cuenta con 88 centros educativos distribuidos en todo el estado, adem\u00e1s, ha incrementado su oferta acad\u00e9mica de catorce a veinticuatro carreras t\u00e9cnicas, fortaleciendo la formaci\u00f3n de profesionales capacitados para continuar con estudios universitarios o incorporarse al \u00e1mbito laboral, a trav\u00e9s del programa de educaci\u00f3n dual.<\/p>\n<p>Durante el evento, encabezado por el secretario de Educaci\u00f3n y Cultura, Froyl\u00e1n G\u00e1mez Gamboa, se reconoci\u00f3 la labor del personal docente y administrativo que ha contribuido al fortalecimiento de la educaci\u00f3n media superior en Sonora durante 10,15,20,25 y 30 a\u00f1os.<\/p>\n<p>La directora general del subsistema, Blanca Aurelia Valenzuela, resalt\u00f3 que gracias al trabajo y compromiso del personal de Cecyte y al respaldo del gobernador Alfonso Durazo, se han logrado importantes avances en los \u00faltimos a\u00f1os.<\/p>\n<p>Cecyte reafirm\u00f3 el compromiso del mandatario estatal con una educaci\u00f3n de calidad, inclusiva y accesible para todas y todos los j\u00f3venes sonorenses, consolidando a la educaci\u00f3n como una prioridad para el estado y garantizando que cada persona tenga la oportunidad de estudiar.<\/p>\n","protected":false},"excerpt":{"rendered":"<p>Hermosillo, Sonora; 20 de octubre de 2025.- El Gobierno de Sonora, a trav\u00e9s del Colegio de Estudios Cient\u00edficos y Tecnol\u00f3gicos del Estado de Sonora (Cecyte) conmemor\u00f3 el 34 aniversario del subsistema con una ceremonia en la que reconoci\u00f3 la trayectoria de docentes y personal de servicio por sus a\u00f1os de dedicaci\u00f3n, esfuerzo y compromiso con [&hellip;]<\/p>\n","protected":false},"author":2,"featured_media":232997,"comment_status":"closed","ping_status":"closed","sticky":false,"template":"","format":"standard","meta":{"footnotes":""},"categories":[12870,178],"tags":[12865,12869],"class_list":["post-232996","post","type-post","status-publish","format-standard","has-post-thumbnail","hentry","category-destacadas","category-local","tag-destacadas","tag-local"],"jetpack_featured_media_url":"https:\/\/rnoticias.com.mx\/Portal\/wp-content\/uploads\/2025\/10\/unnamed-2-10.jpg","amp_enabled":true,"_links":{"self":[{"href":"https:\/\/rnoticias.com.mx\/Portal\/wp-json\/wp\/v2\/posts\/232996","targetHints":{"allow":["GET"]}}],"collection":[{"href":"https:\/\/rnoticias.com.mx\/Portal\/wp-json\/wp\/v2\/posts"}],"about":[{"href":"https:\/\/rnoticias.com.mx\/Portal\/wp-json\/wp\/v2\/types\/post"}],"author":[{"embeddable":true,"href":"https:\/\/rnoticias.com.mx\/Portal\/wp-json\/wp\/v2\/users\/2"}],"replies":[{"embeddable":true,"href":"https:\/\/rnoticias.com.mx\/Portal\/wp-json\/wp\/v2\/comments?post=232996"}],"version-history":[{"count":1,"href":"https:\/\/rnoticias.com.mx\/Portal\/wp-json\/wp\/v2\/posts\/232996\/revisions"}],"predecessor-version":[{"id":232998,"href":"https:\/\/rnoticias.com.mx\/Portal\/wp-json\/wp\/v2\/posts\/232996\/revisions\/232998"}],"wp:featuredmedia":[{"embeddable":true,"href":"https:\/\/rnoticias.com.mx\/Portal\/wp-json\/wp\/v2\/media\/232997"}],"wp:attachment":[{"href":"https:\/\/rnoticias.com.mx\/Portal\/wp-json\/wp\/v2\/media?parent=232996"}],"wp:term":[{"taxonomy":"category","embeddable":true,"href":"https:\/\/rnoticias.com.mx\/Portal\/wp-json\/wp\/v2\/categories?post=232996"},{"taxonomy":"post_tag","embeddable":true,"href":"https:\/\/rnoticias.com.mx\/Portal\/wp-json\/wp\/v2\/tags?post=232996"}],"curies":[{"name":"wp","href":"https:\/\/api.w.org\/{rel}","templated":true}]}}