{"id":232963,"date":"2025-10-20T13:19:54","date_gmt":"2025-10-20T20:19:54","guid":{"rendered":"https:\/\/rnoticias.com.mx\/Portal\/?p=232963"},"modified":"2025-10-20T13:19:54","modified_gmt":"2025-10-20T20:19:54","slug":"ee-uu-libera-a-carlos-trevino-exdirector-de-pemex-senalado-en-caso-odebrecht","status":"publish","type":"post","link":"https:\/\/rnoticias.com.mx\/Portal\/2025\/10\/20\/ee-uu-libera-a-carlos-trevino-exdirector-de-pemex-senalado-en-caso-odebrecht\/","title":{"rendered":"EE.UU. libera a Carlos Trevi\u00f1o, exdirector de Pemex se\u00f1alado en caso Odebrecht"},"content":{"rendered":"<p><strong>Carlos Trevi\u00f1o<\/strong>, exdirector de\u00a0<strong>Petr\u00f3leos Mexicanos<\/strong>\u00a0(Pemex) y acusado de corrupci\u00f3n en el\u00a0<strong>caso Odebrecht<\/strong>, fue liberado en\u00a0<strong>Estados Unidos<\/strong>\u00a0tras una audiencia judicial en la que se le concedi\u00f3\u00a0<strong>libertad bajo fianza<\/strong>, esto luego de ser detenido en\u00a0<strong>Texas<\/strong>\u00a0por autoridades migratorias en agosto pasado.<\/p>\n<p>De acuerdo con el medio Milenio, el juez que revis\u00f3 el caso el 26 de agosto determin\u00f3 que Trevi\u00f1o puede permanecer en libertad mientras se define su\u00a0<strong>estatus migratorio<\/strong>.<\/p>\n<p>No obstante, tiene vigente una\u00a0<strong>orden de aprehensi\u00f3n<\/strong>\u00a0emitida desde 2021 en M\u00e9xico, por la\u00a0<strong>Fiscal\u00eda General de la Rep\u00fablica<\/strong>\u00a0(FGR), que lo acusa de\u00a0<strong>asociaci\u00f3n delictuosa<\/strong>\u00a0y operaciones con recursos de procedencia il\u00edcita. Seg\u00fan la FGR, Trevi\u00f1o habr\u00eda recibido\u00a0<strong>sobornos<\/strong>\u00a0relacionados con los contratos de la\u00a0<strong>planta Etileno XXI<\/strong>, adjudicada a la\u00a0<strong>constructora brasile\u00f1a Odebrecht<\/strong>.<\/p>\n<p>Por su parte, la presidenta\u00a0<strong>Claudia Sheinbaum<\/strong>\u00a0desminti\u00f3 esta liberaci\u00f3n del exfuncionario, afirmando este lunes que Trevi\u00f1o \u201csigue detenido por autoridades de Estados Unidos\u201d.<\/p>\n<p>&nbsp;<\/p>\n<p>&nbsp;<\/p>\n<p>Fuente: pol\u00edtico mx<\/p>\n","protected":false},"excerpt":{"rendered":"<p>Carlos Trevi\u00f1o, exdirector de\u00a0Petr\u00f3leos Mexicanos\u00a0(Pemex) y acusado de corrupci\u00f3n en el\u00a0caso Odebrecht, fue liberado en\u00a0Estados Unidos\u00a0tras una audiencia judicial en la que se le concedi\u00f3\u00a0libertad bajo fianza, esto luego de ser detenido en\u00a0Texas\u00a0por autoridades migratorias en agosto pasado. De acuerdo con el medio Milenio, el juez que revis\u00f3 el caso el 26 de agosto determin\u00f3 [&hellip;]<\/p>\n","protected":false},"author":2,"featured_media":232964,"comment_status":"closed","ping_status":"closed","sticky":false,"template":"","format":"standard","meta":{"footnotes":""},"categories":[12870,182],"tags":[12865,12871],"class_list":["post-232963","post","type-post","status-publish","format-standard","has-post-thumbnail","hentry","category-destacadas","category-internacional","tag-destacadas","tag-internacional"],"jetpack_featured_media_url":"https:\/\/rnoticias.com.mx\/Portal\/wp-content\/uploads\/2025\/10\/CARLOS-TREVINO.jpg","amp_enabled":true,"_links":{"self":[{"href":"https:\/\/rnoticias.com.mx\/Portal\/wp-json\/wp\/v2\/posts\/232963","targetHints":{"allow":["GET"]}}],"collection":[{"href":"https:\/\/rnoticias.com.mx\/Portal\/wp-json\/wp\/v2\/posts"}],"about":[{"href":"https:\/\/rnoticias.com.mx\/Portal\/wp-json\/wp\/v2\/types\/post"}],"author":[{"embeddable":true,"href":"https:\/\/rnoticias.com.mx\/Portal\/wp-json\/wp\/v2\/users\/2"}],"replies":[{"embeddable":true,"href":"https:\/\/rnoticias.com.mx\/Portal\/wp-json\/wp\/v2\/comments?post=232963"}],"version-history":[{"count":1,"href":"https:\/\/rnoticias.com.mx\/Portal\/wp-json\/wp\/v2\/posts\/232963\/revisions"}],"predecessor-version":[{"id":232965,"href":"https:\/\/rnoticias.com.mx\/Portal\/wp-json\/wp\/v2\/posts\/232963\/revisions\/232965"}],"wp:featuredmedia":[{"embeddable":true,"href":"https:\/\/rnoticias.com.mx\/Portal\/wp-json\/wp\/v2\/media\/232964"}],"wp:attachment":[{"href":"https:\/\/rnoticias.com.mx\/Portal\/wp-json\/wp\/v2\/media?parent=232963"}],"wp:term":[{"taxonomy":"category","embeddable":true,"href":"https:\/\/rnoticias.com.mx\/Portal\/wp-json\/wp\/v2\/categories?post=232963"},{"taxonomy":"post_tag","embeddable":true,"href":"https:\/\/rnoticias.com.mx\/Portal\/wp-json\/wp\/v2\/tags?post=232963"}],"curies":[{"name":"wp","href":"https:\/\/api.w.org\/{rel}","templated":true}]}}