{"id":232945,"date":"2025-10-20T11:58:00","date_gmt":"2025-10-20T18:58:00","guid":{"rendered":"https:\/\/rnoticias.com.mx\/Portal\/?p=232945"},"modified":"2025-10-20T11:58:00","modified_gmt":"2025-10-20T18:58:00","slug":"invita-tono-astiazaran-a-mujeres-de-navojoa-al-tercer-congreso-de-la-familia-en-hermosillo","status":"publish","type":"post","link":"https:\/\/rnoticias.com.mx\/Portal\/2025\/10\/20\/invita-tono-astiazaran-a-mujeres-de-navojoa-al-tercer-congreso-de-la-familia-en-hermosillo\/","title":{"rendered":"Invita To\u00f1o Astiazar\u00e1n a mujeres de Navojoa al Tercer Congreso de la Familia en Hermosillo"},"content":{"rendered":"<p>Navojoa, Sonora; 20 de octubre, 2025.- Con el objetivo de fortalecer los valores y lazos familiares, el presidente municipal de Hermosillo, Antonio Astiazar\u00e1n invit\u00f3 a mujeres destacadas en labores altruistas de Navojoa al Tercer Congreso de la Familia, que se llevar\u00e1 a cabo el pr\u00f3ximo 28 de octubre en la capital del estado.<\/p>\n<p>En un encuentro con mujeres ejemplares que han impulsado proyectos de apoyo y acompa\u00f1amiento a personas en situaci\u00f3n de vulnerabilidad, extendi\u00f3 una invitaci\u00f3n para participar en este evento que busca compartir herramientas de vida, motivaci\u00f3n e inspiraci\u00f3n para fortalecer su labor social.<\/p>\n<p>\u201cHoy estoy aqu\u00ed para invitarlas porque s\u00e9 que hay muchas mujeres que participan en organizaciones de la sociedad civil y estoy seguro de que las experiencias que aqu\u00ed van a conocer pueden servirles para sus familias, pero tambi\u00e9n para las causas que realizan\u201d, expres\u00f3 To\u00f1o Astiazar\u00e1n.<\/p>\n<p>El Congreso contar\u00e1 con la participaci\u00f3n de reconocidos ponentes como Valeria de la Torre con el tema \u201cLa importancia de las redes de apoyo ante la adversidad\u201d; Pablo Fletcher con \u201cT\u00fa tienes compas, no amigos\u201d; Natalia P\u00e9rez con \u201cAbrir puertas al \u00e9xito, cerrar puertas a las adicciones\u201d; Oso Trava con \u201cT\u00e1cticas de Crack\u201d y B\u00e1rbara Anderson con \u201cLa resiliencia: un tema de familia\u201d.<\/p>\n<p>Durante el encuentro, se destac\u00f3 la labor de Matilde Cuevas, fundadora de la asociaci\u00f3n Mar\u00eda Luc\u00eda&#8230; Dando Amor, que desde hace 10 a\u00f1os apoya a ni\u00f1as, ni\u00f1os y j\u00f3venes con c\u00e1ncer mediante la donaci\u00f3n de alimentos, despensas y recursos para traslados m\u00e9dicos.<\/p>\n<p>El Congreso de la Familia forma parte de los grandes eventos que posicionan a Hermosillo como una ciudad de encuentro y colaboraci\u00f3n, junto con el Foro Mundial de Energ\u00eda Solar, el Festival del Globo y las Fiestas del Pitic, que promueven la participaci\u00f3n ciudadana y el fortalecimiento del tejido social.<\/p>\n","protected":false},"excerpt":{"rendered":"<p>Navojoa, Sonora; 20 de octubre, 2025.- Con el objetivo de fortalecer los valores y lazos familiares, el presidente municipal de Hermosillo, Antonio Astiazar\u00e1n invit\u00f3 a mujeres destacadas en labores altruistas de Navojoa al Tercer Congreso de la Familia, que se llevar\u00e1 a cabo el pr\u00f3ximo 28 de octubre en la capital del estado. En un [&hellip;]<\/p>\n","protected":false},"author":2,"featured_media":232946,"comment_status":"closed","ping_status":"closed","sticky":false,"template":"","format":"standard","meta":{"footnotes":""},"categories":[12870,178],"tags":[12865,12869],"class_list":["post-232945","post","type-post","status-publish","format-standard","has-post-thumbnail","hentry","category-destacadas","category-local","tag-destacadas","tag-local"],"jetpack_featured_media_url":"https:\/\/rnoticias.com.mx\/Portal\/wp-content\/uploads\/2025\/10\/9d5f17ba-f0b9-4ea4-bfa0-28b82346012f.jpeg","amp_enabled":true,"_links":{"self":[{"href":"https:\/\/rnoticias.com.mx\/Portal\/wp-json\/wp\/v2\/posts\/232945","targetHints":{"allow":["GET"]}}],"collection":[{"href":"https:\/\/rnoticias.com.mx\/Portal\/wp-json\/wp\/v2\/posts"}],"about":[{"href":"https:\/\/rnoticias.com.mx\/Portal\/wp-json\/wp\/v2\/types\/post"}],"author":[{"embeddable":true,"href":"https:\/\/rnoticias.com.mx\/Portal\/wp-json\/wp\/v2\/users\/2"}],"replies":[{"embeddable":true,"href":"https:\/\/rnoticias.com.mx\/Portal\/wp-json\/wp\/v2\/comments?post=232945"}],"version-history":[{"count":1,"href":"https:\/\/rnoticias.com.mx\/Portal\/wp-json\/wp\/v2\/posts\/232945\/revisions"}],"predecessor-version":[{"id":232947,"href":"https:\/\/rnoticias.com.mx\/Portal\/wp-json\/wp\/v2\/posts\/232945\/revisions\/232947"}],"wp:featuredmedia":[{"embeddable":true,"href":"https:\/\/rnoticias.com.mx\/Portal\/wp-json\/wp\/v2\/media\/232946"}],"wp:attachment":[{"href":"https:\/\/rnoticias.com.mx\/Portal\/wp-json\/wp\/v2\/media?parent=232945"}],"wp:term":[{"taxonomy":"category","embeddable":true,"href":"https:\/\/rnoticias.com.mx\/Portal\/wp-json\/wp\/v2\/categories?post=232945"},{"taxonomy":"post_tag","embeddable":true,"href":"https:\/\/rnoticias.com.mx\/Portal\/wp-json\/wp\/v2\/tags?post=232945"}],"curies":[{"name":"wp","href":"https:\/\/api.w.org\/{rel}","templated":true}]}}