{"id":232930,"date":"2025-10-20T10:58:59","date_gmt":"2025-10-20T17:58:59","guid":{"rendered":"https:\/\/rnoticias.com.mx\/Portal\/?p=232930"},"modified":"2025-10-20T10:58:59","modified_gmt":"2025-10-20T17:58:59","slug":"soriana-y-banco-de-alimentos-de-hermosillo-unidos-contra-el-hambre","status":"publish","type":"post","link":"https:\/\/rnoticias.com.mx\/Portal\/2025\/10\/20\/soriana-y-banco-de-alimentos-de-hermosillo-unidos-contra-el-hambre\/","title":{"rendered":"Soriana y Banco de Alimentos de Hermosillo: unidos contra el hambre"},"content":{"rendered":"<p style=\"font-weight: 400;\">Hermosillo, Sonora a 20 de octubre de 2025.- Arranca la campa\u00f1a de aportaci\u00f3n voluntaria impulsada por el Banco de Alimentos de Hermosillo y Soriana, a favor de las familias que viven en inseguridad alimentaria; estar\u00e1 vigente del 19 de octubre al 18 de noviembre.<\/p>\n<p style=\"font-weight: 400;\">\n<p style=\"font-weight: 400;\">\u201cAgradecemos a Fundaci\u00f3n Soriana y a la RedBAMX por sumar esfuerzos\u201d, dijo Manuel Robles Linares, director general del Banco de Alimentos de Hermosillo y destac\u00f3 que en Sonora hay m\u00e1s de medio mill\u00f3n de personas que no saben qu\u00e9 comer\u00e1n ma\u00f1ana.<\/p>\n<p style=\"font-weight: 400;\">\n<p style=\"font-weight: 400;\">Con 30 a\u00f1os de trabajo, el Banco de Alimentos de Hermosillo entrega mensualmente alimento a m\u00e1s de 65,000 personas y lleva paquetes nutricionales a m\u00e1s de 40 colonias de Hermosillo y a 15 municipios del estado, apoyando a ni\u00f1as y ni\u00f1os, madres jefas de familia, adultos mayores, personas con discapacidad, comedores comunitarios y m\u00e1s.<\/p>\n<p style=\"font-weight: 400;\">\n<p style=\"font-weight: 400;\">La din\u00e1mica es sencilla: al pagar en caja en cualquiera de las nueve sucursales Soriana de Hermosillo, el cajero o la cajera invitar\u00e1 al cliente a hacer una aportaci\u00f3n voluntaria para el Banco de Alimentos de Hermosillo; en cada caja hay un mini p\u00f3ster con la informaci\u00f3n y se puede solicitar recibo deducible en\u00a0<a href=\"http:\/\/www.soriana.com\/\" data-saferedirecturl=\"https:\/\/www.google.com\/url?q=http:\/\/www.soriana.com\/&amp;source=gmail&amp;ust=1761059192372000&amp;usg=AOvVaw12lI4o0qmnyGoB6hGno2Wn\">www.soriana.com<\/a>.<\/p>\n<p style=\"font-weight: 400;\">\n<p style=\"font-weight: 400;\">Sucursales Soriana en Hermosillo donde puedes aportar:<\/p>\n<p style=\"font-weight: 400;\">\n<ol style=\"font-weight: 400;\">\n<li>Soriana H\u00edper Bachoco \u2014 Blvd. Morelos 432, Col. Bachoco<\/li>\n<li>Soriana H\u00edper Encinas \u2014 Perif. Poniente 2 y Blvd. Jes\u00fas Garc\u00eda Morales, Col. El Llano<\/li>\n<li>Soriana H\u00edper Progreso \u2014 Blvd. Progreso 663 y Blvd. Solidaridad, Col. Solidaridad<\/li>\n<li>Soriana H\u00edper Hermosillo \u2014 Perif. Oriente 1274, Col. Perisur<\/li>\n<li>Soriana H\u00edper R\u00edo Sonora \u2014 Blvd. Paseo R\u00edo Sonora Nte 128, Col. Proyecto R\u00edo Sonora<\/li>\n<li>Soriana H\u00edper Altares \u2014 Ave. Xolot entre Templo de Mitla y Fracci\u00f3n Segunda, Col. Valle del Marqu\u00e9s<\/li>\n<li>Soriana H\u00edper Quiroga \u2014 Blvd. Quiroga 213, Col. Nueva Palmira<\/li>\n<li>Soriana H\u00edper Hermosillo Solidaridad \u2014 Blvd. Luis Donaldo Colosio, Col. Villa Sat\u00e9lite<\/li>\n<li>City Club R\u00edo Sonora-H\u00edper \u2014 Blvd.\u00a0R\u00edo Sonora<\/li>\n<\/ol>\n<p style=\"font-weight: 400;\">\n<p style=\"font-weight: 400;\">Georgina Villegas Ibarra, coordinadora de Alianzas Estrat\u00e9gicas e Innovaci\u00f3n, hizo llamado urgente a la comunidad: ve a Soriana, haz tus compras y pide en caja que te agreguen tu aportaci\u00f3n al Banco de Alimentos de Hermosillo. Tu aportaci\u00f3n en Soriana alimenta familias, calquier cantidad se traducen en paquetes nutritivos para quienes no tienen qu\u00e9 comer.<\/p>\n","protected":false},"excerpt":{"rendered":"<p>Hermosillo, Sonora a 20 de octubre de 2025.- Arranca la campa\u00f1a de aportaci\u00f3n voluntaria impulsada por el Banco de Alimentos de Hermosillo y Soriana, a favor de las familias que viven en inseguridad alimentaria; estar\u00e1 vigente del 19 de octubre al 18 de noviembre. \u201cAgradecemos a Fundaci\u00f3n Soriana y a la RedBAMX por sumar esfuerzos\u201d, [&hellip;]<\/p>\n","protected":false},"author":2,"featured_media":232931,"comment_status":"closed","ping_status":"closed","sticky":false,"template":"","format":"standard","meta":{"footnotes":""},"categories":[12870,178],"tags":[12865,12869],"class_list":["post-232930","post","type-post","status-publish","format-standard","has-post-thumbnail","hentry","category-destacadas","category-local","tag-destacadas","tag-local"],"jetpack_featured_media_url":"https:\/\/rnoticias.com.mx\/Portal\/wp-content\/uploads\/2025\/10\/IMG_7873-scaled.jpg","amp_enabled":true,"_links":{"self":[{"href":"https:\/\/rnoticias.com.mx\/Portal\/wp-json\/wp\/v2\/posts\/232930","targetHints":{"allow":["GET"]}}],"collection":[{"href":"https:\/\/rnoticias.com.mx\/Portal\/wp-json\/wp\/v2\/posts"}],"about":[{"href":"https:\/\/rnoticias.com.mx\/Portal\/wp-json\/wp\/v2\/types\/post"}],"author":[{"embeddable":true,"href":"https:\/\/rnoticias.com.mx\/Portal\/wp-json\/wp\/v2\/users\/2"}],"replies":[{"embeddable":true,"href":"https:\/\/rnoticias.com.mx\/Portal\/wp-json\/wp\/v2\/comments?post=232930"}],"version-history":[{"count":1,"href":"https:\/\/rnoticias.com.mx\/Portal\/wp-json\/wp\/v2\/posts\/232930\/revisions"}],"predecessor-version":[{"id":232932,"href":"https:\/\/rnoticias.com.mx\/Portal\/wp-json\/wp\/v2\/posts\/232930\/revisions\/232932"}],"wp:featuredmedia":[{"embeddable":true,"href":"https:\/\/rnoticias.com.mx\/Portal\/wp-json\/wp\/v2\/media\/232931"}],"wp:attachment":[{"href":"https:\/\/rnoticias.com.mx\/Portal\/wp-json\/wp\/v2\/media?parent=232930"}],"wp:term":[{"taxonomy":"category","embeddable":true,"href":"https:\/\/rnoticias.com.mx\/Portal\/wp-json\/wp\/v2\/categories?post=232930"},{"taxonomy":"post_tag","embeddable":true,"href":"https:\/\/rnoticias.com.mx\/Portal\/wp-json\/wp\/v2\/tags?post=232930"}],"curies":[{"name":"wp","href":"https:\/\/api.w.org\/{rel}","templated":true}]}}