{"id":232927,"date":"2025-10-20T10:53:41","date_gmt":"2025-10-20T17:53:41","guid":{"rendered":"https:\/\/rnoticias.com.mx\/Portal\/?p=232927"},"modified":"2025-10-20T10:53:41","modified_gmt":"2025-10-20T17:53:41","slug":"realiza-gobierno-de-sonora-caminata-conmemorativa-de-la-lucha-contra-el-cancer-de-mama","status":"publish","type":"post","link":"https:\/\/rnoticias.com.mx\/Portal\/2025\/10\/20\/realiza-gobierno-de-sonora-caminata-conmemorativa-de-la-lucha-contra-el-cancer-de-mama\/","title":{"rendered":"Realiza Gobierno de Sonora Caminata Conmemorativa de la Lucha Contra el C\u00e1ncer de Mama"},"content":{"rendered":"<p>Hermosillo, Sonora; 20 de octubre de 2025.- Con el prop\u00f3sito de promover la prevenci\u00f3n de enfermedades oncol\u00f3gicas en mujeres, adem\u00e1s de brindar un mensaje de esperanza, el Gobierno de Sonora, a trav\u00e9s de la Secretar\u00eda de Salud, llev\u00f3 a cabo la Caminata Conmemorativa de la Lucha Contra el C\u00e1ncer de Mama.<\/p>\n<p>El contingente, integrado por alrededor de 800 personas, inici\u00f3 el recorrido en la Plaza Emiliana de Zubeld\u00eda y descendi\u00f3 hacia el sur por la calle Rosales y el bulevar Vild\u00f3sola hasta llegar al Centro de Gobierno.<\/p>\n<p>El secretario de Salud, Jos\u00e9 Luis Alom\u00eda Zegarra, se dirigi\u00f3 a la multitud para ofrecer un mensaje de apoyo y concientizaci\u00f3n en el marco del Mes de Sensibilizaci\u00f3n sobre el C\u00e1ncer de Mama.<\/p>\n<p>\u201cLa prevenci\u00f3n va de la mano de h\u00e1bitos saludables: lo que hicimos hoy, activaci\u00f3n f\u00edsica, generar una dieta balanceada, descansar adecuadamente y, por supuesto, la detecci\u00f3n oportuna, que es lo que todos juntos, como un gran equipo de salud, estamos promoviendo el d\u00eda de hoy\u201d, expres\u00f3.<\/p>\n<p>De acuerdo con el titular de los Servicios de Salud, las mujeres deben iniciar la autoexploraci\u00f3n mamaria a partir de los 25 a\u00f1os de edad, continuar con revisiones peri\u00f3dicas realizadas por profesionales de la salud y, finalmente, a partir de los 40 a\u00f1os, realizarse una mastograf\u00eda al menos una vez cada dos a\u00f1os.<\/p>\n<p>Con estas acciones, el Gobierno de Sonora reafirma su solidaridad con las y los habitantes de la entidad, y especialmente con las mujeres que enfrentan una condici\u00f3n oncol\u00f3gica.<\/p>\n","protected":false},"excerpt":{"rendered":"<p>Hermosillo, Sonora; 20 de octubre de 2025.- Con el prop\u00f3sito de promover la prevenci\u00f3n de enfermedades oncol\u00f3gicas en mujeres, adem\u00e1s de brindar un mensaje de esperanza, el Gobierno de Sonora, a trav\u00e9s de la Secretar\u00eda de Salud, llev\u00f3 a cabo la Caminata Conmemorativa de la Lucha Contra el C\u00e1ncer de Mama. El contingente, integrado por [&hellip;]<\/p>\n","protected":false},"author":2,"featured_media":232928,"comment_status":"closed","ping_status":"closed","sticky":false,"template":"","format":"standard","meta":{"footnotes":""},"categories":[12870,178],"tags":[12865,12869],"class_list":["post-232927","post","type-post","status-publish","format-standard","has-post-thumbnail","hentry","category-destacadas","category-local","tag-destacadas","tag-local"],"jetpack_featured_media_url":"https:\/\/rnoticias.com.mx\/Portal\/wp-content\/uploads\/2025\/10\/unnamed-55.jpg","amp_enabled":true,"_links":{"self":[{"href":"https:\/\/rnoticias.com.mx\/Portal\/wp-json\/wp\/v2\/posts\/232927","targetHints":{"allow":["GET"]}}],"collection":[{"href":"https:\/\/rnoticias.com.mx\/Portal\/wp-json\/wp\/v2\/posts"}],"about":[{"href":"https:\/\/rnoticias.com.mx\/Portal\/wp-json\/wp\/v2\/types\/post"}],"author":[{"embeddable":true,"href":"https:\/\/rnoticias.com.mx\/Portal\/wp-json\/wp\/v2\/users\/2"}],"replies":[{"embeddable":true,"href":"https:\/\/rnoticias.com.mx\/Portal\/wp-json\/wp\/v2\/comments?post=232927"}],"version-history":[{"count":1,"href":"https:\/\/rnoticias.com.mx\/Portal\/wp-json\/wp\/v2\/posts\/232927\/revisions"}],"predecessor-version":[{"id":232929,"href":"https:\/\/rnoticias.com.mx\/Portal\/wp-json\/wp\/v2\/posts\/232927\/revisions\/232929"}],"wp:featuredmedia":[{"embeddable":true,"href":"https:\/\/rnoticias.com.mx\/Portal\/wp-json\/wp\/v2\/media\/232928"}],"wp:attachment":[{"href":"https:\/\/rnoticias.com.mx\/Portal\/wp-json\/wp\/v2\/media?parent=232927"}],"wp:term":[{"taxonomy":"category","embeddable":true,"href":"https:\/\/rnoticias.com.mx\/Portal\/wp-json\/wp\/v2\/categories?post=232927"},{"taxonomy":"post_tag","embeddable":true,"href":"https:\/\/rnoticias.com.mx\/Portal\/wp-json\/wp\/v2\/tags?post=232927"}],"curies":[{"name":"wp","href":"https:\/\/api.w.org\/{rel}","templated":true}]}}