{"id":232838,"date":"2025-10-18T10:08:35","date_gmt":"2025-10-18T17:08:35","guid":{"rendered":"https:\/\/rnoticias.com.mx\/Portal\/?p=232838"},"modified":"2025-10-18T10:08:35","modified_gmt":"2025-10-18T17:08:35","slug":"aplicara-ine-plan-de-mejoras-tecnicas-y-legales-para-elecciones-2026-2027","status":"publish","type":"post","link":"https:\/\/rnoticias.com.mx\/Portal\/2025\/10\/18\/aplicara-ine-plan-de-mejoras-tecnicas-y-legales-para-elecciones-2026-2027\/","title":{"rendered":"Aplicar\u00e1 INE plan de mejoras t\u00e9cnicas y legales para elecciones 2026-2027"},"content":{"rendered":"<p class=\"x_MsoNormal\"><span data-olk-copy-source=\"MessageBody\">La Junta General Ejecutiva del Instituto Nacional Electoral (INE) trabaja dos documentos sobre el an\u00e1lisis y evaluaci\u00f3n de las principales mejoras a implementarse en los Procesos Electorales 2026-2027, as\u00ed como de propuestas de cambios legales para la participaci\u00f3n del Instituto en la discusi\u00f3n de la reforma electoral, a cargo de la Comisi\u00f3n Presidencial de la Reforma Electoral.<\/span><\/p>\n<p class=\"x_MsoNormal\">\n<p class=\"x_MsoNormal\">La estrategia institucional se realiza a partir de la evaluaci\u00f3n del Proceso Electoral Federal Concurrente 2023-2024, el Proceso Electoral Extraordinario del Poder Judicial 2024-2025 y de los Procesos Electorales Locales Ordinarios 2023-2024 y 2024-2025, que realizan todas las \u00e1reas integrantes de la Junta General Ejecutiva.<\/p>\n<p class=\"x_MsoNormal\">\n<p class=\"x_MsoNormal\">Tambi\u00e9n, se incluir\u00e1n las evaluaciones que han realizado los partidos pol\u00edticos nacionales sobre temas espec\u00edficos de relevancia, la retroalimentaci\u00f3n obtenida con los \u00f3rganos desconcentrados, el intercambio de experiencias y an\u00e1lisis de mejores pr\u00e1cticas implementadas por los Organismos P\u00fablicos Locales Electorales y propuestas del personal del INE.<\/p>\n<p class=\"x_MsoNormal\">\n<p class=\"x_MsoNormal\">La coordinaci\u00f3n de las actividades derivadas de la estrategia se llevar\u00e1 a cabo por la Secretar\u00eda Ejecutiva, a trav\u00e9s de la Direcci\u00f3n Ejecutiva de Organizaci\u00f3n Electoral (DEOE) y de la Direcci\u00f3n Ejecutiva de Asuntos Jur\u00eddicos (DEAJ), que dar\u00e1n seguimiento a la elaboraci\u00f3n de cada uno de los documentos.<\/p>\n<p class=\"x_MsoNormal\">\n<p class=\"x_MsoNormal\">Por la relevancia de las actividades, la difusi\u00f3n se realizar\u00e1 en dos vertientes: al interior del Instituto para concretar una participaci\u00f3n amplia y relevante en la construcci\u00f3n de las propuestas y hacia la ciudadan\u00eda, para destacar las labores institucionales de planeaci\u00f3n, revisi\u00f3n y preparaci\u00f3n para los Procesos Electorales 2026-2027.<\/p>\n","protected":false},"excerpt":{"rendered":"<p>La Junta General Ejecutiva del Instituto Nacional Electoral (INE) trabaja dos documentos sobre el an\u00e1lisis y evaluaci\u00f3n de las principales mejoras a implementarse en los Procesos Electorales 2026-2027, as\u00ed como de propuestas de cambios legales para la participaci\u00f3n del Instituto en la discusi\u00f3n de la reforma electoral, a cargo de la Comisi\u00f3n Presidencial de la [&hellip;]<\/p>\n","protected":false},"author":2,"featured_media":232839,"comment_status":"closed","ping_status":"closed","sticky":false,"template":"","format":"standard","meta":{"footnotes":""},"categories":[12870,12868],"tags":[12865,12879],"class_list":["post-232838","post","type-post","status-publish","format-standard","has-post-thumbnail","hentry","category-destacadas","category-politica","tag-destacadas","tag-politica"],"jetpack_featured_media_url":"https:\/\/rnoticias.com.mx\/Portal\/wp-content\/uploads\/2025\/10\/INE-1-1080x675-1.webp","amp_enabled":true,"_links":{"self":[{"href":"https:\/\/rnoticias.com.mx\/Portal\/wp-json\/wp\/v2\/posts\/232838","targetHints":{"allow":["GET"]}}],"collection":[{"href":"https:\/\/rnoticias.com.mx\/Portal\/wp-json\/wp\/v2\/posts"}],"about":[{"href":"https:\/\/rnoticias.com.mx\/Portal\/wp-json\/wp\/v2\/types\/post"}],"author":[{"embeddable":true,"href":"https:\/\/rnoticias.com.mx\/Portal\/wp-json\/wp\/v2\/users\/2"}],"replies":[{"embeddable":true,"href":"https:\/\/rnoticias.com.mx\/Portal\/wp-json\/wp\/v2\/comments?post=232838"}],"version-history":[{"count":1,"href":"https:\/\/rnoticias.com.mx\/Portal\/wp-json\/wp\/v2\/posts\/232838\/revisions"}],"predecessor-version":[{"id":232840,"href":"https:\/\/rnoticias.com.mx\/Portal\/wp-json\/wp\/v2\/posts\/232838\/revisions\/232840"}],"wp:featuredmedia":[{"embeddable":true,"href":"https:\/\/rnoticias.com.mx\/Portal\/wp-json\/wp\/v2\/media\/232839"}],"wp:attachment":[{"href":"https:\/\/rnoticias.com.mx\/Portal\/wp-json\/wp\/v2\/media?parent=232838"}],"wp:term":[{"taxonomy":"category","embeddable":true,"href":"https:\/\/rnoticias.com.mx\/Portal\/wp-json\/wp\/v2\/categories?post=232838"},{"taxonomy":"post_tag","embeddable":true,"href":"https:\/\/rnoticias.com.mx\/Portal\/wp-json\/wp\/v2\/tags?post=232838"}],"curies":[{"name":"wp","href":"https:\/\/api.w.org\/{rel}","templated":true}]}}