{"id":232835,"date":"2025-10-18T10:06:37","date_gmt":"2025-10-18T17:06:37","guid":{"rendered":"https:\/\/rnoticias.com.mx\/Portal\/?p=232835"},"modified":"2025-10-18T10:06:37","modified_gmt":"2025-10-18T17:06:37","slug":"necesario-un-modelo-de-atencion-integral-a-casos-de-violencia-politica-contra-las-mujeres-en-razon-de-genero-consejera-claudia-zavala","status":"publish","type":"post","link":"https:\/\/rnoticias.com.mx\/Portal\/2025\/10\/18\/necesario-un-modelo-de-atencion-integral-a-casos-de-violencia-politica-contra-las-mujeres-en-razon-de-genero-consejera-claudia-zavala\/","title":{"rendered":"Necesario un modelo de atenci\u00f3n integral a casos de Violencia Pol\u00edtica contra las Mujeres en Raz\u00f3n de G\u00e9nero: Consejera Claudia Zavala"},"content":{"rendered":"<p class=\"x_MsoNormal\"><span data-olk-copy-source=\"MessageBody\">Es necesario transitar hacia un modelo de atenci\u00f3n y prevenci\u00f3n integral de la Violencia Pol\u00edtica contra Mujeres en Raz\u00f3n de G\u00e9nero (VPMRG), en el que m\u00e1s que aplicar sanciones, visibilice los factores de tipo social, cultural y pol\u00edtico que la generan, consider\u00f3 Claudia Zavala P\u00e9rez, Consejera del Instituto Nacional Electoral (INE).<\/span><\/p>\n<p class=\"x_MsoNormal\">\n<p class=\"x_MsoNormal\">\u201cLa violencia no puede ser el costo por ejercer nuestros derechos pol\u00edticos, entre ellos, ocupar cargos de poder, pero hay que seguir trabajando para ocuparnos en la prevenci\u00f3n integral\u201d, estableci\u00f3.<\/p>\n<p class=\"x_MsoNormal\">\n<p class=\"x_MsoNormal\">Al impartir -de manera virtual- la Conferencia de An\u00e1lisis Especializado 3. \u201cHacia un modelo de atenci\u00f3n integral de la Violencia Pol\u00edtica contra Mujeres en Raz\u00f3n de G\u00e9nero\u201d, en el marco del\u00a0<a name=\"x__Hlk211525660\"><\/a>XXXVI Congreso Internacional de Estudios Electorales: Integridad electoral en contextos de violencia e inseguridad en Am\u00e9rica Latina, que se realiza en Medell\u00edn, Colombia, dio cuenta de los esfuerzos realizados por el INE para combatir la VPMRG.<\/p>\n<p class=\"x_MsoNormal\">\n<p class=\"x_MsoNormal\">\u201cTenemos un marco normativo que nos arropa para atender estos casos\u201d dijo Zavala, luego de explicar que se inici\u00f3 con las cuotas, la incorporaci\u00f3n del principio de paridad en la Constituci\u00f3n mexicana; el Protocolo para atender la VPMRG; modificaciones a los reglamentos de Quejas y Denuncias; Fiscalizaci\u00f3n y Radio y Televisi\u00f3n, as\u00ed como la 8 de 8 que modifica ocho leyes para prevenir, atender, sancionar y erradicar la Violencia Pol\u00edtica contra la Mujer en Raz\u00f3n de G\u00e9nero.<\/p>\n<p class=\"x_MsoNormal\">\n<p class=\"x_MsoNormal\">Adem\u00e1s, continu\u00f3, se elabor\u00f3 el Registro Nacional de Personas Sancionadas y se aprobaron los\u00a0<i>Lineamientos del programa piloto de servicios de primeros auxilios psicol\u00f3gicos, orientaci\u00f3n, asesor\u00eda, atenci\u00f3n y acompa\u00f1amiento jur\u00eddico de las mujeres en situaci\u00f3n de violencia pol\u00edtica en raz\u00f3n de g\u00e9nero<\/i>.<\/p>\n<p class=\"x_MsoNormal\">\n<p class=\"x_MsoNormal\">Sin embargo, \u201ctenemos que abordar de manera integral la Violencia Pol\u00edtica contra las Mujeres en Raz\u00f3n de G\u00e9nero que propicie la creaci\u00f3n de modelos de prevenci\u00f3n y atenci\u00f3n integrales y especializados desde el primer contacto\u201d, apunt\u00f3 la Consejera Zavala.<\/p>\n<p class=\"x_MsoNormal\">\n<p class=\"x_MsoNormal\">Es decir, un modelo con niveles de atenci\u00f3n y prevenci\u00f3n: \u201cUn nivel primario, en el que se trata de evitar la violencia contra las mujeres. En un nivel secundario, se busca dar respuesta inmediata una vez que haya ocurrido la violencia, a fin de evitar de manera oportuna actos violentos posteriores. Finalmente, el nivel terciario, consiste en brindar atenci\u00f3n y apoyo a largo plazo a las v\u00edctimas, a fin de prevenirlas de nuevos actos de violencia\u201d, precis\u00f3.<\/p>\n<p class=\"x_MsoNormal\">\n<p class=\"x_MsoNormal\">En suma, subray\u00f3, la atenci\u00f3n \u201cno debe quedar reducida a la presentaci\u00f3n de una queja o denuncia, necesitamos un modelo que arrope a la mujer en todo momento, no s\u00f3lo cuando ocupe una candidatura, sino que vaya m\u00e1s all\u00e1 de los procesos electorales\u201d.<\/p>\n<p class=\"x_MsoNormal\">\n<p class=\"x_MsoNormal\">Entre las directrices y ruta de trabajo del modelo de atenci\u00f3n integral, la Consejera Zavala P\u00e9rez mencion\u00f3 la creaci\u00f3n de un grupo multidisciplinario que brinde acompa\u00f1amiento jur\u00eddico, psicol\u00f3gico y de trabajo social para brindar herramientas a quienes se encuentren en situaci\u00f3n de violencia y si ellas lo deciden, seguir un procedimiento jur\u00eddico.<\/p>\n<p class=\"x_MsoNormal\">\n<p class=\"x_MsoNormal\">Asimismo, llevar a cabo el monitoreo y seguimiento de los mecanismos de protecci\u00f3n para prevenir la reiteraci\u00f3n y escalonamiento de la VPMRG y, reforzar los instrumentos institucionales de detecci\u00f3n temprana, intervenci\u00f3n de emergencia, contenci\u00f3n de riesgos y protecci\u00f3n inmediata.<\/p>\n<p class=\"x_MsoNormal\">\n<p class=\"x_MsoNormal\">Para implementar este modelo integral, a\u00f1adi\u00f3, se requiere incorporar el grupo multidisciplinario, actualmente adscrito al \u00e1rea contenciosa del INE, a la Unidad T\u00e9cnica de Igualdad de G\u00e9nero y facultarla para brindar atenci\u00f3n especializada y acompa\u00f1amiento, as\u00ed como la contrataci\u00f3n de perfiles con experiencia.<\/p>\n<p class=\"x_MsoNormal\">\n<p class=\"x_MsoNormal\"><b><i>Misiones consolidan las instituciones electorales<\/i><\/b><\/p>\n<p class=\"x_MsoNormal\"><b><i>\u00a0<\/i><\/b><\/p>\n<p class=\"x_MsoNormal\">Por otra parte, la Coordinadora de Asuntos Internacionales, Marisa Arlene Cabral Porchas, junto con la Consejera del Instituto Electoral de la Ciudad de M\u00e9xico, Erika Estrada Ruiz y la acad\u00e9mica de la Facultad de Ciencias Pol\u00edticas y Sociales de la Universidad Nacional Aut\u00f3noma de M\u00e9xico (UNAM), Karla Valverde Viesca, participaron en el panel: Avances en los mecanismos de participaci\u00f3n democr\u00e1tica: una visi\u00f3n desde la Misi\u00f3n Electoral 2024-2025.<\/p>\n<p class=\"x_MsoNormal\">\n<p class=\"x_MsoNormal\">Las ponentes coincidieron en destacar la importancia de las misiones en la observaci\u00f3n, como un mecanismo de auditor\u00eda externa que garantiza la transparencia, la calidad de los procesos electorales y fortalecen la consolidaci\u00f3n de las instituciones electorales que forman parte del sistema democr\u00e1tico.<\/p>\n<p class=\"x_MsoNormal\"><b>\u00a0<\/b><\/p>\n","protected":false},"excerpt":{"rendered":"<p>Es necesario transitar hacia un modelo de atenci\u00f3n y prevenci\u00f3n integral de la Violencia Pol\u00edtica contra Mujeres en Raz\u00f3n de G\u00e9nero (VPMRG), en el que m\u00e1s que aplicar sanciones, visibilice los factores de tipo social, cultural y pol\u00edtico que la generan, consider\u00f3 Claudia Zavala P\u00e9rez, Consejera del Instituto Nacional Electoral (INE). \u201cLa violencia no puede [&hellip;]<\/p>\n","protected":false},"author":2,"featured_media":232836,"comment_status":"closed","ping_status":"closed","sticky":false,"template":"","format":"standard","meta":{"footnotes":""},"categories":[12870,12868],"tags":[12865,12879],"class_list":["post-232835","post","type-post","status-publish","format-standard","has-post-thumbnail","hentry","category-destacadas","category-politica","tag-destacadas","tag-politica"],"jetpack_featured_media_url":"https:\/\/rnoticias.com.mx\/Portal\/wp-content\/uploads\/2025\/10\/IMG-20251017-WA0024.jpg","amp_enabled":true,"_links":{"self":[{"href":"https:\/\/rnoticias.com.mx\/Portal\/wp-json\/wp\/v2\/posts\/232835","targetHints":{"allow":["GET"]}}],"collection":[{"href":"https:\/\/rnoticias.com.mx\/Portal\/wp-json\/wp\/v2\/posts"}],"about":[{"href":"https:\/\/rnoticias.com.mx\/Portal\/wp-json\/wp\/v2\/types\/post"}],"author":[{"embeddable":true,"href":"https:\/\/rnoticias.com.mx\/Portal\/wp-json\/wp\/v2\/users\/2"}],"replies":[{"embeddable":true,"href":"https:\/\/rnoticias.com.mx\/Portal\/wp-json\/wp\/v2\/comments?post=232835"}],"version-history":[{"count":1,"href":"https:\/\/rnoticias.com.mx\/Portal\/wp-json\/wp\/v2\/posts\/232835\/revisions"}],"predecessor-version":[{"id":232837,"href":"https:\/\/rnoticias.com.mx\/Portal\/wp-json\/wp\/v2\/posts\/232835\/revisions\/232837"}],"wp:featuredmedia":[{"embeddable":true,"href":"https:\/\/rnoticias.com.mx\/Portal\/wp-json\/wp\/v2\/media\/232836"}],"wp:attachment":[{"href":"https:\/\/rnoticias.com.mx\/Portal\/wp-json\/wp\/v2\/media?parent=232835"}],"wp:term":[{"taxonomy":"category","embeddable":true,"href":"https:\/\/rnoticias.com.mx\/Portal\/wp-json\/wp\/v2\/categories?post=232835"},{"taxonomy":"post_tag","embeddable":true,"href":"https:\/\/rnoticias.com.mx\/Portal\/wp-json\/wp\/v2\/tags?post=232835"}],"curies":[{"name":"wp","href":"https:\/\/api.w.org\/{rel}","templated":true}]}}