{"id":232791,"date":"2025-10-17T19:07:32","date_gmt":"2025-10-18T02:07:32","guid":{"rendered":"https:\/\/rnoticias.com.mx\/Portal\/?p=232791"},"modified":"2025-10-17T19:07:32","modified_gmt":"2025-10-18T02:07:32","slug":"llama-tono-astiazaran-a-hacer-conciencia-en-la-conmemoracion-del-dia-mundial-de-la-lucha-contra-el-cancer-de-mama","status":"publish","type":"post","link":"https:\/\/rnoticias.com.mx\/Portal\/2025\/10\/17\/llama-tono-astiazaran-a-hacer-conciencia-en-la-conmemoracion-del-dia-mundial-de-la-lucha-contra-el-cancer-de-mama\/","title":{"rendered":"Llama To\u00f1o Astiazar\u00e1n a hacer conciencia en la conmemoraci\u00f3n del D\u00eda Mundial de la Lucha contra el C\u00e1ncer de Mama"},"content":{"rendered":"<p>Hermosillo, Sonora; 17 de octubre de 2025.\u2013 En un acto simb\u00f3lico y de sensibilizaci\u00f3n, el presidente municipal, Antonio Astiazar\u00e1n Guti\u00e9rrez, encabez\u00f3 la formaci\u00f3n de un lazo humano gigante frente al Palacio Municipal, junto a servidoras y servidores p\u00fablicos del Ayuntamiento de Hermosillo, con motivo del D\u00eda Mundial de la Lucha contra el C\u00e1ncer de Mama, que se conmemora cada 19 de octubre.<\/p>\n<p>Durante la actividad, Astiazar\u00e1n Guti\u00e9rrez resalt\u00f3 la importancia de predicar con el ejemplo desde el servicio p\u00fablico y reconoci\u00f3 la participaci\u00f3n del personal del Ayuntamiento en este acto que simboliza solidaridad y conciencia sobre una causa que salva vidas.<\/p>\n<p>\u201cLes quiero decir que en el Gobierno Municipal no vamos a escatimar en esfuerzos, como ya lo dec\u00eda hace un momento el doctor Becerra, para poner a su alcance todas las facilidades que sean necesarias para practicarse estos estudios y poder detectar a tiempo cualquier padecimiento y hoy por supuesto generamos conciencia para quienes estamos aqu\u00ed podamos practicarnos estos estudios\u201d, expres\u00f3.<\/p>\n<p>Agradeci\u00f3 a todo el equipo del Ayuntamiento por congregarse y hacer de una fotograf\u00eda como un recordatorio del valor de actuar a tiempo, adem\u00e1s de rendir un reconocimiento a quienes han enfrentado esta enfermedad y un tributo a quienes ya no est\u00e1n.<\/p>\n<p>El director de Salud P\u00fablica Municipal destac\u00f3 que las actividades de concientizaci\u00f3n se realizan durante todo el mes de octubre, tanto en el \u00e1rea urbana como rural, con atenci\u00f3n m\u00e9dica gratuita, talleres de autoexploraci\u00f3n mamaria, Papanicolaou y mastograf\u00edas.<\/p>\n<p>Precis\u00f3 que el Ayuntamiento de Hermosillo, a trav\u00e9s de la Direcci\u00f3n General de Salud P\u00fablica, realiza 17 jornadas de salud para la mujer durante el mes de octubre, enfocadas en la sensibilizaci\u00f3n, prevenci\u00f3n y detecci\u00f3n temprana del c\u00e1ncer de mama.<\/p>\n<p>Explic\u00f3 que estas acciones buscan acercar los servicios de salud a todas las comunidades y promover la detecci\u00f3n temprana, en coordinaci\u00f3n con instituciones m\u00e9dicas como Hospital CIMA, Cl\u00ednica Noroeste, Laboratorio Ramos, San Diego de Alcal\u00e1 y Hospital San Jos\u00e9, que participan con promociones especiales durante este mes.<\/p>\n<p>\u201cNo podemos prevenir el c\u00e1ncer de mama, pero s\u00ed podemos detectarlo a tiempo, y una vez detectado es curable. La autoexploraci\u00f3n puede salvar vidas\u201d, subray\u00f3.<\/p>\n<p>Lo acompa\u00f1aron el director de Salud P\u00fablica Municipal, Luis Becerra Hurtado; la Tesorera Municipal, Flor Ayala Robles Linares; el Secretario del Ayuntamiento, Eduardo Acu\u00f1a Griego; la directora de Inspecci\u00f3n y Vigilancia, Lisette L\u00f3pez; la directora del Instituto de Atenci\u00f3n a las Mujeres, Zulma Galaz; el Oficial Mayor, Ram\u00f3n Corral; la S\u00edndico municipal, Blanca Colosio; y la regidora M\u00f3nica Robles, entre otros funcionarios y funcionarias municipales.<\/p>\n","protected":false},"excerpt":{"rendered":"<p>Hermosillo, Sonora; 17 de octubre de 2025.\u2013 En un acto simb\u00f3lico y de sensibilizaci\u00f3n, el presidente municipal, Antonio Astiazar\u00e1n Guti\u00e9rrez, encabez\u00f3 la formaci\u00f3n de un lazo humano gigante frente al Palacio Municipal, junto a servidoras y servidores p\u00fablicos del Ayuntamiento de Hermosillo, con motivo del D\u00eda Mundial de la Lucha contra el C\u00e1ncer de Mama, [&hellip;]<\/p>\n","protected":false},"author":2,"featured_media":232792,"comment_status":"closed","ping_status":"closed","sticky":false,"template":"","format":"standard","meta":{"footnotes":""},"categories":[12870,178],"tags":[12865,12869],"class_list":["post-232791","post","type-post","status-publish","format-standard","has-post-thumbnail","hentry","category-destacadas","category-local","tag-destacadas","tag-local"],"jetpack_featured_media_url":"https:\/\/rnoticias.com.mx\/Portal\/wp-content\/uploads\/2025\/10\/d49f955a-5c8b-4245-a3ba-b60a5f071b1d.jpeg","amp_enabled":true,"_links":{"self":[{"href":"https:\/\/rnoticias.com.mx\/Portal\/wp-json\/wp\/v2\/posts\/232791","targetHints":{"allow":["GET"]}}],"collection":[{"href":"https:\/\/rnoticias.com.mx\/Portal\/wp-json\/wp\/v2\/posts"}],"about":[{"href":"https:\/\/rnoticias.com.mx\/Portal\/wp-json\/wp\/v2\/types\/post"}],"author":[{"embeddable":true,"href":"https:\/\/rnoticias.com.mx\/Portal\/wp-json\/wp\/v2\/users\/2"}],"replies":[{"embeddable":true,"href":"https:\/\/rnoticias.com.mx\/Portal\/wp-json\/wp\/v2\/comments?post=232791"}],"version-history":[{"count":1,"href":"https:\/\/rnoticias.com.mx\/Portal\/wp-json\/wp\/v2\/posts\/232791\/revisions"}],"predecessor-version":[{"id":232793,"href":"https:\/\/rnoticias.com.mx\/Portal\/wp-json\/wp\/v2\/posts\/232791\/revisions\/232793"}],"wp:featuredmedia":[{"embeddable":true,"href":"https:\/\/rnoticias.com.mx\/Portal\/wp-json\/wp\/v2\/media\/232792"}],"wp:attachment":[{"href":"https:\/\/rnoticias.com.mx\/Portal\/wp-json\/wp\/v2\/media?parent=232791"}],"wp:term":[{"taxonomy":"category","embeddable":true,"href":"https:\/\/rnoticias.com.mx\/Portal\/wp-json\/wp\/v2\/categories?post=232791"},{"taxonomy":"post_tag","embeddable":true,"href":"https:\/\/rnoticias.com.mx\/Portal\/wp-json\/wp\/v2\/tags?post=232791"}],"curies":[{"name":"wp","href":"https:\/\/api.w.org\/{rel}","templated":true}]}}