{"id":232779,"date":"2025-10-17T17:34:01","date_gmt":"2025-10-18T00:34:01","guid":{"rendered":"https:\/\/rnoticias.com.mx\/Portal\/?p=232779"},"modified":"2025-10-17T17:34:01","modified_gmt":"2025-10-18T00:34:01","slug":"principe-andres-renuncia-a-todos-sus-titulos-reales-y-esta-es-su-explicacion","status":"publish","type":"post","link":"https:\/\/rnoticias.com.mx\/Portal\/2025\/10\/17\/principe-andres-renuncia-a-todos-sus-titulos-reales-y-esta-es-su-explicacion\/","title":{"rendered":"Pr\u00edncipe Andr\u00e9s renuncia a todos sus t\u00edtulos reales y esta es su explicaci\u00f3n"},"content":{"rendered":"<p>El\u00a0<strong>pr\u00edncipe Andr\u00e9s<\/strong>, hermano del\u00a0<a href=\"https:\/\/www.informador.mx\/rey-carlos-iii-t6125\" target=\"_blank\" rel=\"noopener\"><strong>rey Carlos III<\/strong><\/a>, anunci\u00f3 este viernes que renunciar\u00e1 a todos sus t\u00edtulos reales\u00a0<mark><strong>para evitar que las acusaciones que versan sobre \u00e9l &#8220;distraigan&#8221; del trabajo de la familia real,<\/strong><\/mark>\u00a0de acuerdo con un comunicado emitido por el Palacio de Buckingham.<\/p>\n<p>&#8220;Tras conversaciones con el Rey y mi familia inmediata y m\u00e1s amplia, hemos concluido que las continuas acusaciones contra m\u00ed distraen del trabajo de Su Majestad y la\u00a0<a href=\"https:\/\/www.informador.mx\/familia-real-inglaterra-t600\" target=\"_blank\" rel=\"noopener\"><strong>Familia Real<\/strong><\/a>&#8220;, dijo Andr\u00e9s en una breve nota.<\/p>\n<p>Cuando dice &#8220;acusaciones&#8221;, el hasta ahora duque de York se refiere a una larga lista de esc\u00e1ndalos en los que se ha visto involucrado en los \u00faltimos a\u00f1os por su relaci\u00f3n con el magnate estadounidense y ped\u00f3filo convicto\u00a0<strong>Jeffrey Epstein<\/strong>, as\u00ed como con un presunto esp\u00eda chino.<\/p>\n<p>En este sentido, Andr\u00e9s dijo que negaba &#8220;rotundamente&#8221; todas las acusaciones contra \u00e9l y afirm\u00f3 que la decisi\u00f3n priorizaba su &#8220;deber&#8221; hacia la familia y su pa\u00eds, al igual que hizo hace cinco a\u00f1os cuando se retir\u00f3 de la vida p\u00fablica.<\/p>\n<p><mark><strong>&#8220;Con el consentimiento de Su Majestad, considero que debo dar un paso m\u00e1s. Por lo tanto, ya no usar\u00e9 mi t\u00edtulo ni los honores que me han sido conferidos&#8221;,<\/strong><\/mark>\u00a0agreg\u00f3.<\/p>\n<p>Entre los t\u00edtulos a los que renunciar\u00eda se encuentran el de duque de York, as\u00ed como el de miembro de la Orden de la Jarretera, pero s\u00ed retendr\u00e1 el t\u00edtulo de pr\u00edncipe, puesto que es algo que obtuvo de nacimiento al ser el tercer hijo de la fallecida reina Isabel II.<\/p>\n<p>Su exesposa, Sarah Ferguson, tampoco seguir\u00e1 utilizando la nomenclatura de duquesa de York, pero sus hijas, Beatriz y Eugenia, s\u00ed mantendr\u00edan el t\u00edtulo de princesas, de acuerdo con medios brit\u00e1nicos.<\/p>\n","protected":false},"excerpt":{"rendered":"<p>El\u00a0pr\u00edncipe Andr\u00e9s, hermano del\u00a0rey Carlos III, anunci\u00f3 este viernes que renunciar\u00e1 a todos sus t\u00edtulos reales\u00a0para evitar que las acusaciones que versan sobre \u00e9l &#8220;distraigan&#8221; del trabajo de la familia real,\u00a0de acuerdo con un comunicado emitido por el Palacio de Buckingham. &#8220;Tras conversaciones con el Rey y mi familia inmediata y m\u00e1s amplia, hemos concluido [&hellip;]<\/p>\n","protected":false},"author":2,"featured_media":232780,"comment_status":"closed","ping_status":"closed","sticky":false,"template":"","format":"standard","meta":{"footnotes":""},"categories":[12870,182],"tags":[12865,12871],"class_list":["post-232779","post","type-post","status-publish","format-standard","has-post-thumbnail","hentry","category-destacadas","category-internacional","tag-destacadas","tag-internacional"],"jetpack_featured_media_url":"https:\/\/rnoticias.com.mx\/Portal\/wp-content\/uploads\/2025\/10\/principe-andres-1642156038-scaled.jpg","amp_enabled":true,"_links":{"self":[{"href":"https:\/\/rnoticias.com.mx\/Portal\/wp-json\/wp\/v2\/posts\/232779","targetHints":{"allow":["GET"]}}],"collection":[{"href":"https:\/\/rnoticias.com.mx\/Portal\/wp-json\/wp\/v2\/posts"}],"about":[{"href":"https:\/\/rnoticias.com.mx\/Portal\/wp-json\/wp\/v2\/types\/post"}],"author":[{"embeddable":true,"href":"https:\/\/rnoticias.com.mx\/Portal\/wp-json\/wp\/v2\/users\/2"}],"replies":[{"embeddable":true,"href":"https:\/\/rnoticias.com.mx\/Portal\/wp-json\/wp\/v2\/comments?post=232779"}],"version-history":[{"count":1,"href":"https:\/\/rnoticias.com.mx\/Portal\/wp-json\/wp\/v2\/posts\/232779\/revisions"}],"predecessor-version":[{"id":232781,"href":"https:\/\/rnoticias.com.mx\/Portal\/wp-json\/wp\/v2\/posts\/232779\/revisions\/232781"}],"wp:featuredmedia":[{"embeddable":true,"href":"https:\/\/rnoticias.com.mx\/Portal\/wp-json\/wp\/v2\/media\/232780"}],"wp:attachment":[{"href":"https:\/\/rnoticias.com.mx\/Portal\/wp-json\/wp\/v2\/media?parent=232779"}],"wp:term":[{"taxonomy":"category","embeddable":true,"href":"https:\/\/rnoticias.com.mx\/Portal\/wp-json\/wp\/v2\/categories?post=232779"},{"taxonomy":"post_tag","embeddable":true,"href":"https:\/\/rnoticias.com.mx\/Portal\/wp-json\/wp\/v2\/tags?post=232779"}],"curies":[{"name":"wp","href":"https:\/\/api.w.org\/{rel}","templated":true}]}}