{"id":232776,"date":"2025-10-17T17:29:21","date_gmt":"2025-10-18T00:29:21","guid":{"rendered":"https:\/\/rnoticias.com.mx\/Portal\/?p=232776"},"modified":"2025-10-17T17:29:21","modified_gmt":"2025-10-18T00:29:21","slug":"entrega-gobierno-de-sonora-5-6-toneladas-de-apoyo-a-damnificados-del-centro-del-pais-cepc","status":"publish","type":"post","link":"https:\/\/rnoticias.com.mx\/Portal\/2025\/10\/17\/entrega-gobierno-de-sonora-5-6-toneladas-de-apoyo-a-damnificados-del-centro-del-pais-cepc\/","title":{"rendered":"Entrega Gobierno de Sonora 5.6 toneladas de apoyo a damnificados del centro del pa\u00eds: CEPC"},"content":{"rendered":"<table class=\"m_-209762249149958232layout\" border=\"0\" width=\"100%\" cellspacing=\"0\" cellpadding=\"0\">\n<tbody>\n<tr>\n<td class=\"m_-209762249149958232column m_-209762249149958232scale m_-209762249149958232stack\" align=\"center\" valign=\"top\">\n<table border=\"0\" width=\"100%\" cellspacing=\"0\" cellpadding=\"0\">\n<tbody>\n<tr>\n<td>\n<table class=\"m_-209762249149958232text\" border=\"0\" width=\"100%\" cellspacing=\"0\" cellpadding=\"0\">\n<tbody>\n<tr>\n<td class=\"m_-209762249149958232text_content-cell m_-209762249149958232content-padding-horizontal\" align=\"left\" valign=\"top\">Hermosillo, Sonora; 17 de octubre de 2025.- El Gobierno de Sonora, a trav\u00e9s de la Coordinaci\u00f3n Estatal de Protecci\u00f3n Civil (CEPC), junto con representantes de Construplan, Coca-Cola y personal de la Secretar\u00eda de Gobierno, entreg\u00f3 5.6 toneladas de apoyo en el Centro de Acopio instalado en favor de las personas damnificadas por las lluvias torrenciales registradas la semana pasada en el centro del pa\u00eds.<\/p>\n<p>El evento se llev\u00f3 a cabo en el Centro de Acopio del Sistema para el Desarrollo Integral de la Familia (DIF) Sonora, en Hermosillo, desde donde la ayuda ser\u00e1 trasladada y entregada a las familias afectadas.<\/p>\n<p>Al acto acudi\u00f3 personal de las distintas direcciones de la CEPC en Sonora, as\u00ed como integrantes de la Brigada Estatal de Manejo de Fuego, quienes tambi\u00e9n realizaron sus aportaciones.<\/p>\n<p>Armando Casta\u00f1eda S\u00e1nchez, coordinador estatal de Protecci\u00f3n Civil, destac\u00f3 la importancia de la solidaridad y el trabajo conjunto para apoyar a las comunidades que se vieron afectadas por las lluvias hist\u00f3ricas que azotaron la regi\u00f3n centro del pa\u00eds durante el mes de octubre.<\/td>\n<\/tr>\n<\/tbody>\n<\/table>\n<\/td>\n<\/tr>\n<\/tbody>\n<\/table>\n<\/td>\n<\/tr>\n<\/tbody>\n<\/table>\n<table class=\"m_-209762249149958232layout\" border=\"0\" width=\"100%\" cellspacing=\"0\" cellpadding=\"0\">\n<tbody>\n<tr>\n<td class=\"m_-209762249149958232column m_-209762249149958232scale m_-209762249149958232stack\" align=\"center\" valign=\"top\">\n<table class=\"m_-209762249149958232image m_-209762249149958232image--mobile-scale m_-209762249149958232image--mobile-center\" border=\"0\" width=\"100%\" cellspacing=\"0\" cellpadding=\"0\">\n<tbody>\n<tr>\n<td class=\"m_-209762249149958232image_container m_-209762249149958232content-padding-horizontal\" align=\"center\" valign=\"top\"><\/td>\n<\/tr>\n<\/tbody>\n<\/table>\n<\/td>\n<\/tr>\n<\/tbody>\n<\/table>\n","protected":false},"excerpt":{"rendered":"<p>Hermosillo, Sonora; 17 de octubre de 2025.- El Gobierno de Sonora, a trav\u00e9s de la Coordinaci\u00f3n Estatal de Protecci\u00f3n Civil (CEPC), junto con representantes de Construplan, Coca-Cola y personal de la Secretar\u00eda de Gobierno, entreg\u00f3 5.6 toneladas de apoyo en el Centro de Acopio instalado en favor de las personas damnificadas por las lluvias torrenciales [&hellip;]<\/p>\n","protected":false},"author":2,"featured_media":232777,"comment_status":"closed","ping_status":"closed","sticky":false,"template":"","format":"standard","meta":{"footnotes":""},"categories":[12870,178],"tags":[12865,12869],"class_list":["post-232776","post","type-post","status-publish","format-standard","has-post-thumbnail","hentry","category-destacadas","category-local","tag-destacadas","tag-local"],"jetpack_featured_media_url":"https:\/\/rnoticias.com.mx\/Portal\/wp-content\/uploads\/2025\/10\/54-1.jpg","amp_enabled":true,"_links":{"self":[{"href":"https:\/\/rnoticias.com.mx\/Portal\/wp-json\/wp\/v2\/posts\/232776","targetHints":{"allow":["GET"]}}],"collection":[{"href":"https:\/\/rnoticias.com.mx\/Portal\/wp-json\/wp\/v2\/posts"}],"about":[{"href":"https:\/\/rnoticias.com.mx\/Portal\/wp-json\/wp\/v2\/types\/post"}],"author":[{"embeddable":true,"href":"https:\/\/rnoticias.com.mx\/Portal\/wp-json\/wp\/v2\/users\/2"}],"replies":[{"embeddable":true,"href":"https:\/\/rnoticias.com.mx\/Portal\/wp-json\/wp\/v2\/comments?post=232776"}],"version-history":[{"count":1,"href":"https:\/\/rnoticias.com.mx\/Portal\/wp-json\/wp\/v2\/posts\/232776\/revisions"}],"predecessor-version":[{"id":232778,"href":"https:\/\/rnoticias.com.mx\/Portal\/wp-json\/wp\/v2\/posts\/232776\/revisions\/232778"}],"wp:featuredmedia":[{"embeddable":true,"href":"https:\/\/rnoticias.com.mx\/Portal\/wp-json\/wp\/v2\/media\/232777"}],"wp:attachment":[{"href":"https:\/\/rnoticias.com.mx\/Portal\/wp-json\/wp\/v2\/media?parent=232776"}],"wp:term":[{"taxonomy":"category","embeddable":true,"href":"https:\/\/rnoticias.com.mx\/Portal\/wp-json\/wp\/v2\/categories?post=232776"},{"taxonomy":"post_tag","embeddable":true,"href":"https:\/\/rnoticias.com.mx\/Portal\/wp-json\/wp\/v2\/tags?post=232776"}],"curies":[{"name":"wp","href":"https:\/\/api.w.org\/{rel}","templated":true}]}}