{"id":232767,"date":"2025-10-17T17:25:14","date_gmt":"2025-10-18T00:25:14","guid":{"rendered":"https:\/\/rnoticias.com.mx\/Portal\/?p=232767"},"modified":"2025-10-17T17:25:14","modified_gmt":"2025-10-18T00:25:14","slug":"impulsan-crecimiento-empresarial-con-congreso-amasfac-hmo","status":"publish","type":"post","link":"https:\/\/rnoticias.com.mx\/Portal\/2025\/10\/17\/impulsan-crecimiento-empresarial-con-congreso-amasfac-hmo\/","title":{"rendered":"Impulsan crecimiento empresarial con Congreso AMASFAC HMO"},"content":{"rendered":"<p>Hermosillo, Sonora. Con el prop\u00f3sito de fortalecer al sector asegurador y promover la innovaci\u00f3n empresarial, el pr\u00f3ximo 22 de octubre se llevar\u00e1 a cabo el s\u00e9ptimo Congreso AMASFAC HMO \u201cDe la estrategia a la acci\u00f3n\u201d en Villa Toscana.<\/p>\n<p>Juan Pablo Granados Bautista, vicepresidente de Personas F\u00edsicas, explic\u00f3 que el encuentro reunir\u00e1 a l\u00edderes, asesores y empresarios para fomentar la capacitaci\u00f3n y la generaci\u00f3n de alianzas que impulsen el desarrollo econ\u00f3mico regional.<\/p>\n<p>\u201cEl programa incluir\u00e1 conferencias sobre inteligencia artificial aplicada a ventas, estrategias para consolidar negocios exitosos y an\u00e1lisis del impacto del cambio clim\u00e1tico en la salud\u201d, dijo.<\/p>\n<p>Por su parte, Yolanda Contreras Ca\u00f1ez, directora de membres\u00edas AMASFAC Hermosillo, invit\u00f3 a empresarios y agentes de seguros a sumarse al evento, que concluir\u00e1 con un Meet &amp; Greet y una presentaci\u00f3n del grupo de rock Element.<\/p>\n<p>&nbsp;<\/p>\n<p>&nbsp;<\/p>\n<p>cifra<\/p>\n<p>Los boletos tienen un costo de 2 mil 500 pesos y se pueden adquirir en congreso.amasfachmo.com.<\/p>\n","protected":false},"excerpt":{"rendered":"<p>Hermosillo, Sonora. Con el prop\u00f3sito de fortalecer al sector asegurador y promover la innovaci\u00f3n empresarial, el pr\u00f3ximo 22 de octubre se llevar\u00e1 a cabo el s\u00e9ptimo Congreso AMASFAC HMO \u201cDe la estrategia a la acci\u00f3n\u201d en Villa Toscana. Juan Pablo Granados Bautista, vicepresidente de Personas F\u00edsicas, explic\u00f3 que el encuentro reunir\u00e1 a l\u00edderes, asesores y [&hellip;]<\/p>\n","protected":false},"author":2,"featured_media":232768,"comment_status":"closed","ping_status":"closed","sticky":false,"template":"","format":"standard","meta":{"footnotes":""},"categories":[12870,178],"tags":[12865,12869],"class_list":["post-232767","post","type-post","status-publish","format-standard","has-post-thumbnail","hentry","category-destacadas","category-local","tag-destacadas","tag-local"],"jetpack_featured_media_url":"https:\/\/rnoticias.com.mx\/Portal\/wp-content\/uploads\/2025\/10\/dfd76b01-435a-4473-90a8-5045aaa58d93.jpeg","amp_enabled":true,"_links":{"self":[{"href":"https:\/\/rnoticias.com.mx\/Portal\/wp-json\/wp\/v2\/posts\/232767","targetHints":{"allow":["GET"]}}],"collection":[{"href":"https:\/\/rnoticias.com.mx\/Portal\/wp-json\/wp\/v2\/posts"}],"about":[{"href":"https:\/\/rnoticias.com.mx\/Portal\/wp-json\/wp\/v2\/types\/post"}],"author":[{"embeddable":true,"href":"https:\/\/rnoticias.com.mx\/Portal\/wp-json\/wp\/v2\/users\/2"}],"replies":[{"embeddable":true,"href":"https:\/\/rnoticias.com.mx\/Portal\/wp-json\/wp\/v2\/comments?post=232767"}],"version-history":[{"count":1,"href":"https:\/\/rnoticias.com.mx\/Portal\/wp-json\/wp\/v2\/posts\/232767\/revisions"}],"predecessor-version":[{"id":232769,"href":"https:\/\/rnoticias.com.mx\/Portal\/wp-json\/wp\/v2\/posts\/232767\/revisions\/232769"}],"wp:featuredmedia":[{"embeddable":true,"href":"https:\/\/rnoticias.com.mx\/Portal\/wp-json\/wp\/v2\/media\/232768"}],"wp:attachment":[{"href":"https:\/\/rnoticias.com.mx\/Portal\/wp-json\/wp\/v2\/media?parent=232767"}],"wp:term":[{"taxonomy":"category","embeddable":true,"href":"https:\/\/rnoticias.com.mx\/Portal\/wp-json\/wp\/v2\/categories?post=232767"},{"taxonomy":"post_tag","embeddable":true,"href":"https:\/\/rnoticias.com.mx\/Portal\/wp-json\/wp\/v2\/tags?post=232767"}],"curies":[{"name":"wp","href":"https:\/\/api.w.org\/{rel}","templated":true}]}}