{"id":232764,"date":"2025-10-17T17:24:01","date_gmt":"2025-10-18T00:24:01","guid":{"rendered":"https:\/\/rnoticias.com.mx\/Portal\/?p=232764"},"modified":"2025-10-17T17:24:01","modified_gmt":"2025-10-18T00:24:01","slug":"hermosillo-en-semaforo-amarillo-por-disponibilidad-de-agua","status":"publish","type":"post","link":"https:\/\/rnoticias.com.mx\/Portal\/2025\/10\/17\/hermosillo-en-semaforo-amarillo-por-disponibilidad-de-agua\/","title":{"rendered":"Hermosillo en sem\u00e1foro amarillo por disponibilidad de agua"},"content":{"rendered":"<p>Hermosillo, Sonora. El alcalde de Hermosillo, Antonio Astiazar\u00e1n, inform\u00f3 que la ciudad contin\u00faa en sem\u00e1foro amarillo en cuanto a la disponibilidad de agua, a pesar de las lluvias recientes. Si bien las precipitaciones han sido importantes y han beneficiado a las presas de la regi\u00f3n, a\u00fan no son suficientes para garantizar el abasto a mediano plazo.<\/p>\n<p>&nbsp;<\/p>\n<p>Astiazar\u00e1n explic\u00f3 que la presa El Molinito registra poco m\u00e1s del 10% de su capacidad, cifra similar a la del verano pasado.<\/p>\n<p>&nbsp;<\/p>\n<p>\u201cCreemos que ser\u00eda necesario alcanzar al menos un 15% para asegurar el suministro durante el pr\u00f3ximo verano\u201d, coment\u00f3.<\/p>\n<p>&nbsp;<\/p>\n<p>A\u00f1adi\u00f3, que aunque las lluvias han generado algunos retos en infraestructura, tambi\u00e9n han ayudado a mejorar los niveles de captaci\u00f3n en varias presas.<\/p>\n<p>&nbsp;<\/p>\n<p>El alcalde se mostr\u00f3 optimista, ya que los pron\u00f3sticos indican que podr\u00edan presentarse m\u00e1s lluvias en las pr\u00f3ximas semanas, lo que permitir\u00eda mejorar las condiciones actuales.<\/p>\n<p>&nbsp;<\/p>\n","protected":false},"excerpt":{"rendered":"<p>Hermosillo, Sonora. El alcalde de Hermosillo, Antonio Astiazar\u00e1n, inform\u00f3 que la ciudad contin\u00faa en sem\u00e1foro amarillo en cuanto a la disponibilidad de agua, a pesar de las lluvias recientes. Si bien las precipitaciones han sido importantes y han beneficiado a las presas de la regi\u00f3n, a\u00fan no son suficientes para garantizar el abasto a mediano [&hellip;]<\/p>\n","protected":false},"author":2,"featured_media":232765,"comment_status":"closed","ping_status":"closed","sticky":false,"template":"","format":"standard","meta":{"footnotes":""},"categories":[12870,178],"tags":[12865,12869],"class_list":["post-232764","post","type-post","status-publish","format-standard","has-post-thumbnail","hentry","category-destacadas","category-local","tag-destacadas","tag-local"],"jetpack_featured_media_url":"https:\/\/rnoticias.com.mx\/Portal\/wp-content\/uploads\/2025\/10\/\u00bfCual-fue-el-primer-nombre-que-recibio-la-ciudad-de-Hermosillo.jpg","amp_enabled":true,"_links":{"self":[{"href":"https:\/\/rnoticias.com.mx\/Portal\/wp-json\/wp\/v2\/posts\/232764","targetHints":{"allow":["GET"]}}],"collection":[{"href":"https:\/\/rnoticias.com.mx\/Portal\/wp-json\/wp\/v2\/posts"}],"about":[{"href":"https:\/\/rnoticias.com.mx\/Portal\/wp-json\/wp\/v2\/types\/post"}],"author":[{"embeddable":true,"href":"https:\/\/rnoticias.com.mx\/Portal\/wp-json\/wp\/v2\/users\/2"}],"replies":[{"embeddable":true,"href":"https:\/\/rnoticias.com.mx\/Portal\/wp-json\/wp\/v2\/comments?post=232764"}],"version-history":[{"count":1,"href":"https:\/\/rnoticias.com.mx\/Portal\/wp-json\/wp\/v2\/posts\/232764\/revisions"}],"predecessor-version":[{"id":232766,"href":"https:\/\/rnoticias.com.mx\/Portal\/wp-json\/wp\/v2\/posts\/232764\/revisions\/232766"}],"wp:featuredmedia":[{"embeddable":true,"href":"https:\/\/rnoticias.com.mx\/Portal\/wp-json\/wp\/v2\/media\/232765"}],"wp:attachment":[{"href":"https:\/\/rnoticias.com.mx\/Portal\/wp-json\/wp\/v2\/media?parent=232764"}],"wp:term":[{"taxonomy":"category","embeddable":true,"href":"https:\/\/rnoticias.com.mx\/Portal\/wp-json\/wp\/v2\/categories?post=232764"},{"taxonomy":"post_tag","embeddable":true,"href":"https:\/\/rnoticias.com.mx\/Portal\/wp-json\/wp\/v2\/tags?post=232764"}],"curies":[{"name":"wp","href":"https:\/\/api.w.org\/{rel}","templated":true}]}}