{"id":232761,"date":"2025-10-17T17:22:39","date_gmt":"2025-10-18T00:22:39","guid":{"rendered":"https:\/\/rnoticias.com.mx\/Portal\/?p=232761"},"modified":"2025-10-17T17:22:39","modified_gmt":"2025-10-18T00:22:39","slug":"aumento-en-precios-de-bebidas-alcoholicas-provocara-mas-inflacion-canacope-fecanaco","status":"publish","type":"post","link":"https:\/\/rnoticias.com.mx\/Portal\/2025\/10\/17\/aumento-en-precios-de-bebidas-alcoholicas-provocara-mas-inflacion-canacope-fecanaco\/","title":{"rendered":"Aumento en precios de bebidas alcoh\u00f3licas provocar\u00e1 m\u00e1s inflaci\u00f3n: Canacope-Fecanaco"},"content":{"rendered":"<p>El presidente de la Canacope Hermosillo y de Fecanaco Sonora, Mart\u00edn Zalazar Zazueta, advirti\u00f3 que el incremento en los precios de las bebidas alcoh\u00f3licas no afectar\u00e1 de manera significativa las ventas, pero s\u00ed generar\u00e1 un efecto inflacionario en la econom\u00eda.<\/p>\n<p>&nbsp;<\/p>\n<p>Se\u00f1al\u00f3 que la medida parece tener un fin recaudatorio m\u00e1s que sanitario, pues el consumo dif\u00edcilmente disminuir\u00e1.<\/p>\n<p>&nbsp;<\/p>\n<p>\u201cLo que va a provocar todo este movimiento del incremento, es que haya m\u00e1s inflaci\u00f3n.\u00a0Va a haber m\u00e1s inflaci\u00f3n, y eso por el incremento que se va a dar en los precios, pero la gente va a seguir comprando\u201d, extern\u00f3.<\/p>\n<p>&nbsp;<\/p>\n<p>Consider\u00f3, que el gobierno deber\u00eda enfocar sus esfuerzos en campa\u00f1as de prevenci\u00f3n y concientizaci\u00f3n sobre los da\u00f1os al consumo, en lugar de aplicar m\u00e1s impuestos.<\/p>\n<p>&nbsp;<\/p>\n","protected":false},"excerpt":{"rendered":"<p>El presidente de la Canacope Hermosillo y de Fecanaco Sonora, Mart\u00edn Zalazar Zazueta, advirti\u00f3 que el incremento en los precios de las bebidas alcoh\u00f3licas no afectar\u00e1 de manera significativa las ventas, pero s\u00ed generar\u00e1 un efecto inflacionario en la econom\u00eda. &nbsp; Se\u00f1al\u00f3 que la medida parece tener un fin recaudatorio m\u00e1s que sanitario, pues el [&hellip;]<\/p>\n","protected":false},"author":2,"featured_media":232762,"comment_status":"closed","ping_status":"closed","sticky":false,"template":"","format":"standard","meta":{"footnotes":""},"categories":[12870,178],"tags":[12865,12869],"class_list":["post-232761","post","type-post","status-publish","format-standard","has-post-thumbnail","hentry","category-destacadas","category-local","tag-destacadas","tag-local"],"jetpack_featured_media_url":"https:\/\/rnoticias.com.mx\/Portal\/wp-content\/uploads\/2025\/10\/DxxqfFgUYAUMCX6.jpg","amp_enabled":true,"_links":{"self":[{"href":"https:\/\/rnoticias.com.mx\/Portal\/wp-json\/wp\/v2\/posts\/232761","targetHints":{"allow":["GET"]}}],"collection":[{"href":"https:\/\/rnoticias.com.mx\/Portal\/wp-json\/wp\/v2\/posts"}],"about":[{"href":"https:\/\/rnoticias.com.mx\/Portal\/wp-json\/wp\/v2\/types\/post"}],"author":[{"embeddable":true,"href":"https:\/\/rnoticias.com.mx\/Portal\/wp-json\/wp\/v2\/users\/2"}],"replies":[{"embeddable":true,"href":"https:\/\/rnoticias.com.mx\/Portal\/wp-json\/wp\/v2\/comments?post=232761"}],"version-history":[{"count":1,"href":"https:\/\/rnoticias.com.mx\/Portal\/wp-json\/wp\/v2\/posts\/232761\/revisions"}],"predecessor-version":[{"id":232763,"href":"https:\/\/rnoticias.com.mx\/Portal\/wp-json\/wp\/v2\/posts\/232761\/revisions\/232763"}],"wp:featuredmedia":[{"embeddable":true,"href":"https:\/\/rnoticias.com.mx\/Portal\/wp-json\/wp\/v2\/media\/232762"}],"wp:attachment":[{"href":"https:\/\/rnoticias.com.mx\/Portal\/wp-json\/wp\/v2\/media?parent=232761"}],"wp:term":[{"taxonomy":"category","embeddable":true,"href":"https:\/\/rnoticias.com.mx\/Portal\/wp-json\/wp\/v2\/categories?post=232761"},{"taxonomy":"post_tag","embeddable":true,"href":"https:\/\/rnoticias.com.mx\/Portal\/wp-json\/wp\/v2\/tags?post=232761"}],"curies":[{"name":"wp","href":"https:\/\/api.w.org\/{rel}","templated":true}]}}