{"id":232758,"date":"2025-10-17T17:21:21","date_gmt":"2025-10-18T00:21:21","guid":{"rendered":"https:\/\/rnoticias.com.mx\/Portal\/?p=232758"},"modified":"2025-10-17T17:21:21","modified_gmt":"2025-10-18T00:21:21","slug":"sonorenses-se-unen-al-apoyo-en-hidalgo-tras-lluvias-torrenciales","status":"publish","type":"post","link":"https:\/\/rnoticias.com.mx\/Portal\/2025\/10\/17\/sonorenses-se-unen-al-apoyo-en-hidalgo-tras-lluvias-torrenciales\/","title":{"rendered":"Sonorenses se unen al apoyo en Hidalgo tras lluvias torrenciales"},"content":{"rendered":"<p>Hermosillo, Sonora. Un contingente de 100 Servidores de la Naci\u00f3n provenientes de Sonora emprendi\u00f3 este viernes el viaje hacia Hidalgo para sumarse a las labores de apoyo a las familias afectadas por las intensas lluvias registradas en esa entidad.<\/p>\n<p>&nbsp;<\/p>\n<p>El coordinador estatal de los Programas del Bienestar, Octavio Almada Palafox, explic\u00f3 que esta acci\u00f3n responde a una instrucci\u00f3n de la presidenta de la Rep\u00fablica, Claudia Sheinbaum Pardo, con el prop\u00f3sito de levantar censos de da\u00f1os y colaborar en la asistencia directa a la poblaci\u00f3n.<\/p>\n<p>&nbsp;<\/p>\n<p>\u201cVamos con esp\u00edritu solidario, representando a las y los sonorenses que siempre han mostrado trabajo, empat\u00eda y compromiso con quienes m\u00e1s lo necesitan\u201d, expres\u00f3 Almada Palafox antes de partir.<\/p>\n<p>&nbsp;<\/p>\n<p>El funcionario destac\u00f3 que la brigada refleja el humanismo social que impulsa el Gobierno de la Cuarta Transformaci\u00f3n y reafirma la disposici\u00f3n de Sonora para apoyar en situaciones de emergencia en cualquier parte del pa\u00eds.<\/p>\n<p>&nbsp;<\/p>\n","protected":false},"excerpt":{"rendered":"<p>Hermosillo, Sonora. Un contingente de 100 Servidores de la Naci\u00f3n provenientes de Sonora emprendi\u00f3 este viernes el viaje hacia Hidalgo para sumarse a las labores de apoyo a las familias afectadas por las intensas lluvias registradas en esa entidad. &nbsp; El coordinador estatal de los Programas del Bienestar, Octavio Almada Palafox, explic\u00f3 que esta acci\u00f3n [&hellip;]<\/p>\n","protected":false},"author":2,"featured_media":232759,"comment_status":"closed","ping_status":"closed","sticky":false,"template":"","format":"standard","meta":{"footnotes":""},"categories":[12870,178],"tags":[12865,12869],"class_list":["post-232758","post","type-post","status-publish","format-standard","has-post-thumbnail","hentry","category-destacadas","category-local","tag-destacadas","tag-local"],"jetpack_featured_media_url":"https:\/\/rnoticias.com.mx\/Portal\/wp-content\/uploads\/2025\/10\/f987f4a8-f2c0-42e7-a214-146f36a0b7ba.jpeg","amp_enabled":true,"_links":{"self":[{"href":"https:\/\/rnoticias.com.mx\/Portal\/wp-json\/wp\/v2\/posts\/232758","targetHints":{"allow":["GET"]}}],"collection":[{"href":"https:\/\/rnoticias.com.mx\/Portal\/wp-json\/wp\/v2\/posts"}],"about":[{"href":"https:\/\/rnoticias.com.mx\/Portal\/wp-json\/wp\/v2\/types\/post"}],"author":[{"embeddable":true,"href":"https:\/\/rnoticias.com.mx\/Portal\/wp-json\/wp\/v2\/users\/2"}],"replies":[{"embeddable":true,"href":"https:\/\/rnoticias.com.mx\/Portal\/wp-json\/wp\/v2\/comments?post=232758"}],"version-history":[{"count":1,"href":"https:\/\/rnoticias.com.mx\/Portal\/wp-json\/wp\/v2\/posts\/232758\/revisions"}],"predecessor-version":[{"id":232760,"href":"https:\/\/rnoticias.com.mx\/Portal\/wp-json\/wp\/v2\/posts\/232758\/revisions\/232760"}],"wp:featuredmedia":[{"embeddable":true,"href":"https:\/\/rnoticias.com.mx\/Portal\/wp-json\/wp\/v2\/media\/232759"}],"wp:attachment":[{"href":"https:\/\/rnoticias.com.mx\/Portal\/wp-json\/wp\/v2\/media?parent=232758"}],"wp:term":[{"taxonomy":"category","embeddable":true,"href":"https:\/\/rnoticias.com.mx\/Portal\/wp-json\/wp\/v2\/categories?post=232758"},{"taxonomy":"post_tag","embeddable":true,"href":"https:\/\/rnoticias.com.mx\/Portal\/wp-json\/wp\/v2\/tags?post=232758"}],"curies":[{"name":"wp","href":"https:\/\/api.w.org\/{rel}","templated":true}]}}