{"id":232749,"date":"2025-10-17T16:29:47","date_gmt":"2025-10-17T23:29:47","guid":{"rendered":"https:\/\/rnoticias.com.mx\/Portal\/?p=232749"},"modified":"2025-10-17T16:29:47","modified_gmt":"2025-10-17T23:29:47","slug":"maloro-acosta-se-integra-al-pvem","status":"publish","type":"post","link":"https:\/\/rnoticias.com.mx\/Portal\/2025\/10\/17\/maloro-acosta-se-integra-al-pvem\/","title":{"rendered":"Maloro Acosta se integra al PVEM"},"content":{"rendered":"<p>Hermosillo, Sonora.- A pesar de que el dirigente del Partido Verde Ecologista de M\u00e9xico en Sonora, Sergio Augusto L\u00f3pez Ram\u00edrez, neg\u00f3 que el ex alcalde de Hermosillo, Manuel Ignacio Acosta tuviera la intenci\u00f3n de afiliarse al partido, este d\u00eda el dirigente nacional le dio la bienvenida a las filas del partido verde.<\/p>\n<p>\u201cEn el Comit\u00e9 Ejecutivo Nacional damos la bienvenida a Manuel Ignacio \u201cMaloro\u201d Acosta Guti\u00e9rrez (Maloro Acosta Guti\u00e9rrez) como coordinador electoral de nuestro instituto pol\u00edtico en la Primera Circunscripci\u00f3n, rumbo al proceso 2027\u201d, dio a conocer en la p\u00e1gina oficial, Manuel Velasco Coello.<\/p>\n<p>A nombre de todos los militantes del PVEM \u201cextendemos este cordial recibimiento y toda nuestra confianza en esta encomienda\u201d, se\u00f1ala la publicaci\u00f3n,<\/p>\n<p>Hace unos d\u00edas circul\u00f3 en redes sociales una foto donde el ex presidente municipal apareci\u00f3 junto a militantes del PVEM y se rumor\u00f3 la posibilidad de integrarse al partido, lo cual fue negado por el l\u00edder estatal.<\/p>\n<p>\u201cComo dijo un expresidente de la Rep\u00fablica, no se hagan bolas, el \u00fanico dirigente es su servidor Sergio Augusto L\u00f3pez Ram\u00edrez. Desmiento totalmente que el se\u00f1or Maloro Acosta pueda ser dirigente o se vaya integrar al partido verde\u201d, dijo el pasado 6 de octubre L\u00f3pez Ram\u00edrez.<\/p>\n","protected":false},"excerpt":{"rendered":"<p>Hermosillo, Sonora.- A pesar de que el dirigente del Partido Verde Ecologista de M\u00e9xico en Sonora, Sergio Augusto L\u00f3pez Ram\u00edrez, neg\u00f3 que el ex alcalde de Hermosillo, Manuel Ignacio Acosta tuviera la intenci\u00f3n de afiliarse al partido, este d\u00eda el dirigente nacional le dio la bienvenida a las filas del partido verde. \u201cEn el Comit\u00e9 [&hellip;]<\/p>\n","protected":false},"author":2,"featured_media":232750,"comment_status":"closed","ping_status":"closed","sticky":false,"template":"","format":"standard","meta":{"footnotes":""},"categories":[12870,12868],"tags":[12865,12879],"class_list":["post-232749","post","type-post","status-publish","format-standard","has-post-thumbnail","hentry","category-destacadas","category-politica","tag-destacadas","tag-politica"],"jetpack_featured_media_url":"https:\/\/rnoticias.com.mx\/Portal\/wp-content\/uploads\/2025\/10\/maloro.verde_-723x375-1.jpg","amp_enabled":true,"_links":{"self":[{"href":"https:\/\/rnoticias.com.mx\/Portal\/wp-json\/wp\/v2\/posts\/232749","targetHints":{"allow":["GET"]}}],"collection":[{"href":"https:\/\/rnoticias.com.mx\/Portal\/wp-json\/wp\/v2\/posts"}],"about":[{"href":"https:\/\/rnoticias.com.mx\/Portal\/wp-json\/wp\/v2\/types\/post"}],"author":[{"embeddable":true,"href":"https:\/\/rnoticias.com.mx\/Portal\/wp-json\/wp\/v2\/users\/2"}],"replies":[{"embeddable":true,"href":"https:\/\/rnoticias.com.mx\/Portal\/wp-json\/wp\/v2\/comments?post=232749"}],"version-history":[{"count":1,"href":"https:\/\/rnoticias.com.mx\/Portal\/wp-json\/wp\/v2\/posts\/232749\/revisions"}],"predecessor-version":[{"id":232751,"href":"https:\/\/rnoticias.com.mx\/Portal\/wp-json\/wp\/v2\/posts\/232749\/revisions\/232751"}],"wp:featuredmedia":[{"embeddable":true,"href":"https:\/\/rnoticias.com.mx\/Portal\/wp-json\/wp\/v2\/media\/232750"}],"wp:attachment":[{"href":"https:\/\/rnoticias.com.mx\/Portal\/wp-json\/wp\/v2\/media?parent=232749"}],"wp:term":[{"taxonomy":"category","embeddable":true,"href":"https:\/\/rnoticias.com.mx\/Portal\/wp-json\/wp\/v2\/categories?post=232749"},{"taxonomy":"post_tag","embeddable":true,"href":"https:\/\/rnoticias.com.mx\/Portal\/wp-json\/wp\/v2\/tags?post=232749"}],"curies":[{"name":"wp","href":"https:\/\/api.w.org\/{rel}","templated":true}]}}