{"id":232745,"date":"2025-10-17T16:29:04","date_gmt":"2025-10-17T23:29:04","guid":{"rendered":"https:\/\/rnoticias.com.mx\/Portal\/?p=232745"},"modified":"2025-10-17T16:29:04","modified_gmt":"2025-10-17T23:29:04","slug":"demian-bichir-interpreta-la-valentia-de-los-migrantes-mexicanos-en-black-phone-2","status":"publish","type":"post","link":"https:\/\/rnoticias.com.mx\/Portal\/2025\/10\/17\/demian-bichir-interpreta-la-valentia-de-los-migrantes-mexicanos-en-black-phone-2\/","title":{"rendered":"Demi\u00e1n Bichir interpreta la &#8216;valent\u00eda&#8217; de los migrantes mexicanos en Black Phone 2"},"content":{"rendered":"<p>Interpretando a un mexicano con un pasado turbulento y rehabilitado en la sociedad, el actor Demi\u00e1n Bichir afirm\u00f3 este viernes que su papel en la segunda parte de la pel\u00edcula de terror<strong>\u00a0&#8220;Black Phone 2&#8221; representa la \u201cvalent\u00eda\u201d de los mexicanos que \u201carriesgan su vida dejando todo lo que tienen a atr\u00e1s\u201d para llegar a Estados Unidos.<\/strong><\/p>\n<p>En la piel de Mando, un\u00a0<strong>\u201cvaliente\u201d<\/strong>\u00a0monitor de un campamento de invierno, Bichir afirm\u00f3 que acept\u00f3 el papel por \u201cesa analog\u00eda\u201d que existe entre su personaje y quienes migran al pa\u00eds norteamericano para buscar un futuro mejor.<\/p>\n<p><strong>\u201cEs una forma de dejar claro exactamente qui\u00e9nes somos nosotros, los que nos atrevemos a cruzar la frontera (\u2026). De eso estamos conformados y esa es la sangre que ha llegado a la sociedad estadounidense\u201d<\/strong>, subray\u00f3 el actor durante una entrevista concedida a EFE.<\/p>\n<p>Bichir afirm\u00f3 que en EE. UU. existe una \u201cdoble moral que constantemente dice: \u2018V\u00e1yanse, pero los necesitamos\u2019\u201d, a la vez que critic\u00f3 los \u201cdiscursos pol\u00edticos absurdos, obtusos y completamente in\u00fatiles\u201d basados en esos mensajes.<\/p>\n<p><strong>\u201cEsta comunidad de seres humanos est\u00e1 ah\u00ed para hacer la vida mejor de todos, y no nos vamos a ir\u201d,\u00a0<\/strong>sentenci\u00f3 el que fue el segundo mexicano en la historia en estar nominado en los Oscar en la categor\u00eda de mejor actor, por su papel en \u2018A better life\u2019 (Una vida mejor, 2011).<\/p>\n<p>Adem\u00e1s del personaje, el mexicano explic\u00f3 su inter\u00e9s en la pel\u00edcula porque \u201cno es el t\u00edpico cine de terror (\u2026), es cine al m\u00e1s alto nivel\u201d.<\/p>\n<p>Dirigida por Scott Derrickson, \u2018Black Phone 2\u2019 narra, tres a\u00f1os despu\u00e9s de que Finn (Mason Thames) consiguiera huir de su secuestrador, c\u00f3mo \u00e9l y su hermana Gwen (Madeleine McGraw) se vuelven a enfrentar a la sobrenatural amenaza del asesino Grabber (Ethan Hawke) durante un campamento invernal para ni\u00f1os.<\/p>\n<p>Haciendo memoria, Demi\u00e1n recuerda pensar al ver la primera parte quer\u00eda \u201cser parte de algo as\u00ed, y cuando le\u00ed el guion y me encuentro con esta transportaci\u00f3n que han hecho de los personajes de la primera a este mundo completamente nuevo, me pareci\u00f3 brillante\u201d.<\/p>\n<p><strong>Contradiciendo a la expresi\u00f3n de que las segundas partes nunca fueron buenas, Bichir confirm\u00f3 entre risas que \u201chay dos ejemplos que tiran por tierra ese dicho: \u2018El Padrino y \u2018Black Phone 2\u2019\u201d.<\/strong><\/p>\n<p>La \u201cconmovedora\u201d pel\u00edcula, seg\u00fan la calific\u00f3 el actor, se estren\u00f3 este jueves en las salas de cine con el objetivo de repetir el \u00e9xito que tuvo su predecesora.<\/p>\n<p>&nbsp;<\/p>\n<p>Fuente: EFE<\/p>\n","protected":false},"excerpt":{"rendered":"<p>Interpretando a un mexicano con un pasado turbulento y rehabilitado en la sociedad, el actor Demi\u00e1n Bichir afirm\u00f3 este viernes que su papel en la segunda parte de la pel\u00edcula de terror\u00a0&#8220;Black Phone 2&#8221; representa la \u201cvalent\u00eda\u201d de los mexicanos que \u201carriesgan su vida dejando todo lo que tienen a atr\u00e1s\u201d para llegar a Estados [&hellip;]<\/p>\n","protected":false},"author":2,"featured_media":232747,"comment_status":"closed","ping_status":"closed","sticky":false,"template":"","format":"standard","meta":{"footnotes":""},"categories":[12870,219],"tags":[12865,12875],"class_list":["post-232745","post","type-post","status-publish","format-standard","has-post-thumbnail","hentry","category-destacadas","category-espectaculos","tag-destacadas","tag-espectaculos"],"jetpack_featured_media_url":"https:\/\/rnoticias.com.mx\/Portal\/wp-content\/uploads\/2025\/10\/483522530_952069577071432_6209617327929755724_n.jpg","amp_enabled":true,"_links":{"self":[{"href":"https:\/\/rnoticias.com.mx\/Portal\/wp-json\/wp\/v2\/posts\/232745","targetHints":{"allow":["GET"]}}],"collection":[{"href":"https:\/\/rnoticias.com.mx\/Portal\/wp-json\/wp\/v2\/posts"}],"about":[{"href":"https:\/\/rnoticias.com.mx\/Portal\/wp-json\/wp\/v2\/types\/post"}],"author":[{"embeddable":true,"href":"https:\/\/rnoticias.com.mx\/Portal\/wp-json\/wp\/v2\/users\/2"}],"replies":[{"embeddable":true,"href":"https:\/\/rnoticias.com.mx\/Portal\/wp-json\/wp\/v2\/comments?post=232745"}],"version-history":[{"count":1,"href":"https:\/\/rnoticias.com.mx\/Portal\/wp-json\/wp\/v2\/posts\/232745\/revisions"}],"predecessor-version":[{"id":232748,"href":"https:\/\/rnoticias.com.mx\/Portal\/wp-json\/wp\/v2\/posts\/232745\/revisions\/232748"}],"wp:featuredmedia":[{"embeddable":true,"href":"https:\/\/rnoticias.com.mx\/Portal\/wp-json\/wp\/v2\/media\/232747"}],"wp:attachment":[{"href":"https:\/\/rnoticias.com.mx\/Portal\/wp-json\/wp\/v2\/media?parent=232745"}],"wp:term":[{"taxonomy":"category","embeddable":true,"href":"https:\/\/rnoticias.com.mx\/Portal\/wp-json\/wp\/v2\/categories?post=232745"},{"taxonomy":"post_tag","embeddable":true,"href":"https:\/\/rnoticias.com.mx\/Portal\/wp-json\/wp\/v2\/tags?post=232745"}],"curies":[{"name":"wp","href":"https:\/\/api.w.org\/{rel}","templated":true}]}}