{"id":232742,"date":"2025-10-17T16:23:29","date_gmt":"2025-10-17T23:23:29","guid":{"rendered":"https:\/\/rnoticias.com.mx\/Portal\/?p=232742"},"modified":"2025-10-17T16:23:29","modified_gmt":"2025-10-17T23:23:29","slug":"vuelca-camion-de-tufesa-deja-al-menos-siete-fallecidos-en-la-carretera-guaymas-hermosillo","status":"publish","type":"post","link":"https:\/\/rnoticias.com.mx\/Portal\/2025\/10\/17\/vuelca-camion-de-tufesa-deja-al-menos-siete-fallecidos-en-la-carretera-guaymas-hermosillo\/","title":{"rendered":"Vuelca cami\u00f3n de TUFESA deja al menos siete fallecidos en la carretera Guaymas-Hermosillo"},"content":{"rendered":"<p>Hermosillo, Sonora.- Seis personas fallecieron en un accidente de un cami\u00f3n de pasajeros de la empresa TUFESA la ma\u00f1ana de este viernes.<\/p>\n<p>La unidad, con el n\u00famero econ\u00f3mico 535, se volc\u00f3 cuando transitaba de Guaymas a Hermosillo, alrededor de las 6:00 de la mana en el kil\u00f3metro 240, con m\u00e1s de 30 pasajeros. El cami\u00f3n hab\u00eda salido del Estado de Sinaloa con destino a Nogales.<\/p>\n<p>Entre los pasajeros que fallecieron se encuentran dos ni\u00f1as y tres mujeres.<\/p>\n<p>\u201cExpreso mi m\u00e1s sentido p\u00e9same a sus familias y seres queridos en este momento de profundo dolor. He instruido a las instituciones correspondientes brindarles todo el acompa\u00f1amiento necesario y las facilidades que requieran para sobrellevar este dif\u00edcil proceso\u201d, inform\u00f3 el Gobernador de Sonora en redes sociales.<\/p>\n<p>La Fiscal\u00eda General de Justicia de Sonora realizar\u00e1 las investigaciones pertinentes para esclarecer los hechos y, en su caso, determinar las responsabilidades correspondientes, inform\u00f3 el mandatario.<\/p>\n","protected":false},"excerpt":{"rendered":"<p>Hermosillo, Sonora.- Seis personas fallecieron en un accidente de un cami\u00f3n de pasajeros de la empresa TUFESA la ma\u00f1ana de este viernes. La unidad, con el n\u00famero econ\u00f3mico 535, se volc\u00f3 cuando transitaba de Guaymas a Hermosillo, alrededor de las 6:00 de la mana en el kil\u00f3metro 240, con m\u00e1s de 30 pasajeros. El cami\u00f3n [&hellip;]<\/p>\n","protected":false},"author":2,"featured_media":232743,"comment_status":"closed","ping_status":"closed","sticky":false,"template":"","format":"standard","meta":{"footnotes":""},"categories":[12870,178],"tags":[12865,12869],"class_list":["post-232742","post","type-post","status-publish","format-standard","has-post-thumbnail","hentry","category-destacadas","category-local","tag-destacadas","tag-local"],"jetpack_featured_media_url":"https:\/\/rnoticias.com.mx\/Portal\/wp-content\/uploads\/2025\/10\/diseno-sin-titulo-6-6ec4809e-focus-0.04-min0.29-966-544.webp","amp_enabled":true,"_links":{"self":[{"href":"https:\/\/rnoticias.com.mx\/Portal\/wp-json\/wp\/v2\/posts\/232742","targetHints":{"allow":["GET"]}}],"collection":[{"href":"https:\/\/rnoticias.com.mx\/Portal\/wp-json\/wp\/v2\/posts"}],"about":[{"href":"https:\/\/rnoticias.com.mx\/Portal\/wp-json\/wp\/v2\/types\/post"}],"author":[{"embeddable":true,"href":"https:\/\/rnoticias.com.mx\/Portal\/wp-json\/wp\/v2\/users\/2"}],"replies":[{"embeddable":true,"href":"https:\/\/rnoticias.com.mx\/Portal\/wp-json\/wp\/v2\/comments?post=232742"}],"version-history":[{"count":1,"href":"https:\/\/rnoticias.com.mx\/Portal\/wp-json\/wp\/v2\/posts\/232742\/revisions"}],"predecessor-version":[{"id":232744,"href":"https:\/\/rnoticias.com.mx\/Portal\/wp-json\/wp\/v2\/posts\/232742\/revisions\/232744"}],"wp:featuredmedia":[{"embeddable":true,"href":"https:\/\/rnoticias.com.mx\/Portal\/wp-json\/wp\/v2\/media\/232743"}],"wp:attachment":[{"href":"https:\/\/rnoticias.com.mx\/Portal\/wp-json\/wp\/v2\/media?parent=232742"}],"wp:term":[{"taxonomy":"category","embeddable":true,"href":"https:\/\/rnoticias.com.mx\/Portal\/wp-json\/wp\/v2\/categories?post=232742"},{"taxonomy":"post_tag","embeddable":true,"href":"https:\/\/rnoticias.com.mx\/Portal\/wp-json\/wp\/v2\/tags?post=232742"}],"curies":[{"name":"wp","href":"https:\/\/api.w.org\/{rel}","templated":true}]}}