{"id":232736,"date":"2025-10-17T16:20:51","date_gmt":"2025-10-17T23:20:51","guid":{"rendered":"https:\/\/rnoticias.com.mx\/Portal\/?p=232736"},"modified":"2025-10-17T16:20:51","modified_gmt":"2025-10-17T23:20:51","slug":"plantean-en-el-foro-mundial-de-energia-solar-2025-los-retos-actuales-para-la-generacion-de-energia-renovable-a-gran-escala","status":"publish","type":"post","link":"https:\/\/rnoticias.com.mx\/Portal\/2025\/10\/17\/plantean-en-el-foro-mundial-de-energia-solar-2025-los-retos-actuales-para-la-generacion-de-energia-renovable-a-gran-escala\/","title":{"rendered":"Plantean en el Foro Mundial de Energ\u00eda Solar 2025 los retos actuales para la generaci\u00f3n de energ\u00eda renovable a gran escala"},"content":{"rendered":"<p>Hermosillo, Sonora; 17 de octubre, 2025. &#8211; El apag\u00f3n del sistema el\u00e9ctrico ocurrido en Espa\u00f1a el 28 de abril de 2025, puso en evidencia la necesidad de un sistema de almacenamiento de energ\u00eda basado en bater\u00edas que habr\u00eda evitado la cadena de problemas que ese incidente provoc\u00f3, revel\u00f3 Pablo P\u00e9rez, gerente de operaciones y mantenimiento de la empresa Tuto Power, durante su participaci\u00f3n como conferencista en el Foro Mundial de Energ\u00eda Solar 2025.<\/p>\n<p>Con dicho ejemplo ilustr\u00f3 uno de los principales retos que inhibe el uso a gran escala de electricidad generada a trav\u00e9s de paneles solares, pese a que esa forma de producci\u00f3n de energ\u00eda limpia es junto con la e\u00f3lica m\u00e1s rentable que la de una planta hidr\u00e1ulica.<\/p>\n<p>Ubic\u00f3 el almacenamiento en bater\u00edas como la soluci\u00f3n para amortiguar fluctuaciones en el sistema el\u00e9ctrico y a la vez cubrir las mayor o menor demanda seg\u00fan se requiera, aprovechando que su costo se ha reducido a trav\u00e9s del tiempo, por lo que solo se necesita avanzar en la regulaci\u00f3n para que favorezca esas instalaciones en todas las plantas generadoras solares.<\/p>\n<p>Durante el evento particip\u00f3 tambi\u00e9n Socorro Liz\u00e1rraga Tracy, Gerente de Compras en SPIC-Zuma Energ\u00eda, una filial del gigante energ\u00e9tico chino SPIC (State Power Investment Corporation), quien revel\u00f3 que alrededor de Sonora existen muchos potenciales proveedores especializados a los que convoc\u00f3 a participar en los concursos de esta empresa, previa consulta de sus requisitos.<\/p>\n<p>El panel de cierre del evento fue sobre el tema &#8220;Energ\u00eda para la transici\u00f3n energ\u00e9tica en la industria en M\u00e9xico&#8221; con la participaci\u00f3n de<br \/>\nCecilia Alvarado, directora comercial de la empresa Engie; Hern\u00e1n Trevi\u00f1o, subdirector de mercados energ\u00e9ticos en DEACERO; H\u00e9ctor Germ\u00e1n Ju\u00e1rez Pedroza, gerente de medioambiente en terminal KMS de GML; Jesus Yanez Castaneda, gerente de proyectos de generaci\u00f3n en SOLENSA y como moderadora Betty Guardado, concejal en Phoenix.<\/p>\n<p>Coincidieron en que la demanda energ\u00e9tica en las empresas industriales ha crecido, pero no la crecido en la misma medida la capacidad de producci\u00f3n de dicha energ\u00eda y a ello se suman limitaciones en las l\u00edneas de distribuci\u00f3n por lo que el uso de gas natural es la opci\u00f3n ante ese d\u00e9ficit entre la oferta y la demanda para avanzar en la transici\u00f3n energ\u00e9tica.<\/p>\n","protected":false},"excerpt":{"rendered":"<p>Hermosillo, Sonora; 17 de octubre, 2025. &#8211; El apag\u00f3n del sistema el\u00e9ctrico ocurrido en Espa\u00f1a el 28 de abril de 2025, puso en evidencia la necesidad de un sistema de almacenamiento de energ\u00eda basado en bater\u00edas que habr\u00eda evitado la cadena de problemas que ese incidente provoc\u00f3, revel\u00f3 Pablo P\u00e9rez, gerente de operaciones y mantenimiento [&hellip;]<\/p>\n","protected":false},"author":2,"featured_media":232737,"comment_status":"closed","ping_status":"closed","sticky":false,"template":"","format":"standard","meta":{"footnotes":""},"categories":[12870,178],"tags":[12865,12869],"class_list":["post-232736","post","type-post","status-publish","format-standard","has-post-thumbnail","hentry","category-destacadas","category-local","tag-destacadas","tag-local"],"jetpack_featured_media_url":"https:\/\/rnoticias.com.mx\/Portal\/wp-content\/uploads\/2025\/10\/339fb854-7e7b-468a-95f8-8de58230ca15.jpeg","amp_enabled":true,"_links":{"self":[{"href":"https:\/\/rnoticias.com.mx\/Portal\/wp-json\/wp\/v2\/posts\/232736","targetHints":{"allow":["GET"]}}],"collection":[{"href":"https:\/\/rnoticias.com.mx\/Portal\/wp-json\/wp\/v2\/posts"}],"about":[{"href":"https:\/\/rnoticias.com.mx\/Portal\/wp-json\/wp\/v2\/types\/post"}],"author":[{"embeddable":true,"href":"https:\/\/rnoticias.com.mx\/Portal\/wp-json\/wp\/v2\/users\/2"}],"replies":[{"embeddable":true,"href":"https:\/\/rnoticias.com.mx\/Portal\/wp-json\/wp\/v2\/comments?post=232736"}],"version-history":[{"count":1,"href":"https:\/\/rnoticias.com.mx\/Portal\/wp-json\/wp\/v2\/posts\/232736\/revisions"}],"predecessor-version":[{"id":232738,"href":"https:\/\/rnoticias.com.mx\/Portal\/wp-json\/wp\/v2\/posts\/232736\/revisions\/232738"}],"wp:featuredmedia":[{"embeddable":true,"href":"https:\/\/rnoticias.com.mx\/Portal\/wp-json\/wp\/v2\/media\/232737"}],"wp:attachment":[{"href":"https:\/\/rnoticias.com.mx\/Portal\/wp-json\/wp\/v2\/media?parent=232736"}],"wp:term":[{"taxonomy":"category","embeddable":true,"href":"https:\/\/rnoticias.com.mx\/Portal\/wp-json\/wp\/v2\/categories?post=232736"},{"taxonomy":"post_tag","embeddable":true,"href":"https:\/\/rnoticias.com.mx\/Portal\/wp-json\/wp\/v2\/tags?post=232736"}],"curies":[{"name":"wp","href":"https:\/\/api.w.org\/{rel}","templated":true}]}}