{"id":232727,"date":"2025-10-17T15:32:10","date_gmt":"2025-10-17T22:32:10","guid":{"rendered":"https:\/\/rnoticias.com.mx\/Portal\/?p=232727"},"modified":"2025-10-17T15:32:10","modified_gmt":"2025-10-17T22:32:10","slug":"pronostica-saturnino-campoy-cambio-global-hacia-el-uso-de-energias-renovables-en-el-foro-mundial-de-energia-solar","status":"publish","type":"post","link":"https:\/\/rnoticias.com.mx\/Portal\/2025\/10\/17\/pronostica-saturnino-campoy-cambio-global-hacia-el-uso-de-energias-renovables-en-el-foro-mundial-de-energia-solar\/","title":{"rendered":"Pronostica Saturnino Campoy cambio global hacia el uso de energ\u00edas renovables en el Foro Mundial de Energ\u00eda Solar"},"content":{"rendered":"<p>Hermosillo, Sonora; 17 de octubre de 2025 .-La tendencia global en materia de energ\u00eda va hacia el uso de energ\u00edas renovables y no s\u00f3lo por razones de sustentabilidad, sino por razones econ\u00f3micas, porque ya es m\u00e1s barato y r\u00e1pido, asegur\u00f3 Saturnino Campoy Ramos de la empresa Saving Energy M\u00e9xico en su conferencia \u201cUn d\u00eda sin combustible.<\/p>\n<p>Campoy Ramos consider\u00f3 que es algo que suena muy lejano y ut\u00f3pico, pero la tendencia va hacia all\u00e1 antes del a\u00f1o 2030 durante su participaci\u00f3n en el Foro Mundial de Energ\u00eda Solar 2025 impulsado por el presidente Antonio Astiazar\u00e1n.<\/p>\n<p>\u201cAntes del 2030, esto va a ser totalmente claro, porque es una revoluci\u00f3n, le decimos Electrotec, es la revoluci\u00f3n de la tecnolog\u00eda el\u00e9ctrica, no solamente en la generaci\u00f3n, en el c\u00f3mo usamos la energ\u00eda y eso incluye los autos el\u00e9ctricos que aunque le est\u00e1n postergando pero ya es una realidad, las bater\u00edas son m\u00e1s eficientes cada d\u00eda y entonces entras a nuevas aplicaciones que antes no se pod\u00eda como los drones, manifest\u00f3.<\/p>\n<p>Expone Manuel Puebla \u201cEnerg\u00eda solar para las ciudades inteligentes\u201d<\/p>\n<p>El director general de la empresa Pueblo Solar, destac\u00f3 que las ciudades inteligentes deben centrarse siempre en las personas, no en la tecnolog\u00eda, que los dispositivos y plataformas de informaci\u00f3n deben ser s\u00f3lo una herramienta al servicio de la ciudadan\u00eda, no un fin en s\u00ed misma.<\/p>\n<p>Asimismo, el ponente explic\u00f3 que el avance tecnol\u00f3gico est\u00e1 transformando la forma tradicional de vida, generando nuevas necesidades y h\u00e1bitos que implican un mayor consumo de energ\u00eda el\u00e9ctrica. Esto obliga a replantear las fuentes energ\u00e9ticas, ya que los combustibles f\u00f3siles est\u00e1n agotando los l\u00edmites del planeta.<\/p>\n<p>Finalmente, subray\u00f3 la urgencia de transitar hacia energ\u00edas limpias y sostenibles, especialmente la fotovoltaica, as\u00ed como otras fuentes como la e\u00f3lica y la maremotriz, que permitir\u00e1n a las comunidades ser m\u00e1s competitivas, productivas y eficientes, garantizando energ\u00eda segura, confiable y econ\u00f3mica para las futuras generaciones.<\/p>\n<p>Presentan conferencia \u201cLa generaci\u00f3n de energ\u00eda y el an\u00e1lisis de datos\u201d<\/p>\n<p>Alberto Acosta, gerente de O&amp;M en EDF Renewables, comparti\u00f3 su experiencia en la operaci\u00f3n y mantenimiento de plantas solares y e\u00f3licas, resaltando la importancia del an\u00e1lisis de datos en la gesti\u00f3n y eficiencia de la generaci\u00f3n el\u00e9ctrica.<\/p>\n<p>Dijo a que en la actualidad, una planta solar o e\u00f3lica genera millones de datos por minuto provenientes de miles de equipos: inversores, aerogeneradores, estaciones meteorol\u00f3gicas, transformadores y sistemas de protecci\u00f3n. Estos datos incluyen variables como voltaje, potencia, temperatura, velocidad del viento y presi\u00f3n, que se analizan.<\/p>\n<p>Subray\u00f3 que el an\u00e1lisis de datos permite anticipar problemas y mejorar la toma de decisiones; ayuda a comprender el comportamiento de las plantas y replicar modelos en otras regiones; y se ha convertido en una herramienta clave para la eficiencia y confiabilidad en la generaci\u00f3n de energ\u00edas renovables.<\/p>\n","protected":false},"excerpt":{"rendered":"<p>Hermosillo, Sonora; 17 de octubre de 2025 .-La tendencia global en materia de energ\u00eda va hacia el uso de energ\u00edas renovables y no s\u00f3lo por razones de sustentabilidad, sino por razones econ\u00f3micas, porque ya es m\u00e1s barato y r\u00e1pido, asegur\u00f3 Saturnino Campoy Ramos de la empresa Saving Energy M\u00e9xico en su conferencia \u201cUn d\u00eda sin [&hellip;]<\/p>\n","protected":false},"author":2,"featured_media":232728,"comment_status":"closed","ping_status":"closed","sticky":false,"template":"","format":"standard","meta":{"footnotes":""},"categories":[12870,178],"tags":[12865,12869],"class_list":["post-232727","post","type-post","status-publish","format-standard","has-post-thumbnail","hentry","category-destacadas","category-local","tag-destacadas","tag-local"],"jetpack_featured_media_url":"https:\/\/rnoticias.com.mx\/Portal\/wp-content\/uploads\/2025\/10\/4e3d83de-a71d-4db3-85b2-47676fe3e7c8.jpeg","amp_enabled":true,"_links":{"self":[{"href":"https:\/\/rnoticias.com.mx\/Portal\/wp-json\/wp\/v2\/posts\/232727","targetHints":{"allow":["GET"]}}],"collection":[{"href":"https:\/\/rnoticias.com.mx\/Portal\/wp-json\/wp\/v2\/posts"}],"about":[{"href":"https:\/\/rnoticias.com.mx\/Portal\/wp-json\/wp\/v2\/types\/post"}],"author":[{"embeddable":true,"href":"https:\/\/rnoticias.com.mx\/Portal\/wp-json\/wp\/v2\/users\/2"}],"replies":[{"embeddable":true,"href":"https:\/\/rnoticias.com.mx\/Portal\/wp-json\/wp\/v2\/comments?post=232727"}],"version-history":[{"count":1,"href":"https:\/\/rnoticias.com.mx\/Portal\/wp-json\/wp\/v2\/posts\/232727\/revisions"}],"predecessor-version":[{"id":232729,"href":"https:\/\/rnoticias.com.mx\/Portal\/wp-json\/wp\/v2\/posts\/232727\/revisions\/232729"}],"wp:featuredmedia":[{"embeddable":true,"href":"https:\/\/rnoticias.com.mx\/Portal\/wp-json\/wp\/v2\/media\/232728"}],"wp:attachment":[{"href":"https:\/\/rnoticias.com.mx\/Portal\/wp-json\/wp\/v2\/media?parent=232727"}],"wp:term":[{"taxonomy":"category","embeddable":true,"href":"https:\/\/rnoticias.com.mx\/Portal\/wp-json\/wp\/v2\/categories?post=232727"},{"taxonomy":"post_tag","embeddable":true,"href":"https:\/\/rnoticias.com.mx\/Portal\/wp-json\/wp\/v2\/tags?post=232727"}],"curies":[{"name":"wp","href":"https:\/\/api.w.org\/{rel}","templated":true}]}}