{"id":232724,"date":"2025-10-17T15:31:14","date_gmt":"2025-10-17T22:31:14","guid":{"rendered":"https:\/\/rnoticias.com.mx\/Portal\/?p=232724"},"modified":"2025-10-17T15:33:12","modified_gmt":"2025-10-17T22:33:12","slug":"mujeres-lideres-coinciden-en-una-transicion-energetica-mas-inclusiva-en-el-foro-mundial-de-energia-solar-2025","status":"publish","type":"post","link":"https:\/\/rnoticias.com.mx\/Portal\/2025\/10\/17\/mujeres-lideres-coinciden-en-una-transicion-energetica-mas-inclusiva-en-el-foro-mundial-de-energia-solar-2025\/","title":{"rendered":"Mujeres l\u00edderes coinciden en una transici\u00f3n energ\u00e9tica m\u00e1s inclusiva en el Foro Mundial de Energ\u00eda Solar 2025"},"content":{"rendered":"<p>Hermosillo, Sonora; 17 de octubre de 2025.- Con el mensaje de que la participaci\u00f3n de las mujeres en el sector energ\u00e9tico no s\u00f3lo promueve la equidad, sino tambi\u00e9n la innovaci\u00f3n y la eficiencia, se realiz\u00f3 el panel \u201cMujeres l\u00edderes en el sector energ\u00e9tico\u201d dentro del Foro Mundial de Energ\u00eda Solar 2025, moderado por Janet Elorza, Development Director de Industrials &amp; Energy LATAM.<\/p>\n<p>Ana Sotomayor, representante de Voz Experta; Miriam Mac\u00edas, coordinadora de la Red de Mujeres en Energ\u00eda M\u00e9xico; Hilary Platt, representante de Redmeree; y Leticia P\u00e9rez, directora general de Fotovoltaica Design Studio, compartieron sus experiencias, retos y propuestas para fortalecer el papel de las mujeres en la transici\u00f3n energ\u00e9tica.<\/p>\n<p>Las panelistas coincidieron en que la incorporaci\u00f3n de m\u00e1s mujeres en todos los niveles del sector es indispensable para avanzar hacia una transici\u00f3n energ\u00e9tica m\u00e1s justa y sostenible.<\/p>\n<p>En el segundo d\u00eda del Foro Mundial de Energ\u00eda impulsado por el Gobierno Municipal que encabeza Antonio Astiazar\u00e1n, destacaron que, aunque el n\u00famero de mujeres ha aumentado, a\u00fan representan s\u00f3lo dos de cada diez personas en la industria, y enfrentan una importante brecha salarial y de liderazgo.<\/p>\n<p>Entre los logros de las redes que representan se encuentran m\u00e1s de 30 alianzas institucionales, 400 becas otorgadas, 20 actividades de capacitaci\u00f3n y la visibilizaci\u00f3n de m\u00e1s de 50 mujeres especialistas durante 2024, con la meta de duplicar el impacto en 2025.<br \/>\nEl panel concluy\u00f3 con un llamado a reconocer el valor del liderazgo femenino en el sector energ\u00e9tico.<\/p>\n","protected":false},"excerpt":{"rendered":"<p>Hermosillo, Sonora; 17 de octubre de 2025.- Con el mensaje de que la participaci\u00f3n de las mujeres en el sector energ\u00e9tico no s\u00f3lo promueve la equidad, sino tambi\u00e9n la innovaci\u00f3n y la eficiencia, se realiz\u00f3 el panel \u201cMujeres l\u00edderes en el sector energ\u00e9tico\u201d dentro del Foro Mundial de Energ\u00eda Solar 2025, moderado por Janet Elorza, [&hellip;]<\/p>\n","protected":false},"author":2,"featured_media":232725,"comment_status":"closed","ping_status":"closed","sticky":false,"template":"","format":"standard","meta":{"footnotes":""},"categories":[12870,178],"tags":[12865,12869],"class_list":["post-232724","post","type-post","status-publish","format-standard","has-post-thumbnail","hentry","category-destacadas","category-local","tag-destacadas","tag-local"],"jetpack_featured_media_url":"https:\/\/rnoticias.com.mx\/Portal\/wp-content\/uploads\/2025\/10\/02a9423e-9ed5-42d9-a7dc-cf04e6400bc0.jpeg","amp_enabled":true,"_links":{"self":[{"href":"https:\/\/rnoticias.com.mx\/Portal\/wp-json\/wp\/v2\/posts\/232724","targetHints":{"allow":["GET"]}}],"collection":[{"href":"https:\/\/rnoticias.com.mx\/Portal\/wp-json\/wp\/v2\/posts"}],"about":[{"href":"https:\/\/rnoticias.com.mx\/Portal\/wp-json\/wp\/v2\/types\/post"}],"author":[{"embeddable":true,"href":"https:\/\/rnoticias.com.mx\/Portal\/wp-json\/wp\/v2\/users\/2"}],"replies":[{"embeddable":true,"href":"https:\/\/rnoticias.com.mx\/Portal\/wp-json\/wp\/v2\/comments?post=232724"}],"version-history":[{"count":1,"href":"https:\/\/rnoticias.com.mx\/Portal\/wp-json\/wp\/v2\/posts\/232724\/revisions"}],"predecessor-version":[{"id":232726,"href":"https:\/\/rnoticias.com.mx\/Portal\/wp-json\/wp\/v2\/posts\/232724\/revisions\/232726"}],"wp:featuredmedia":[{"embeddable":true,"href":"https:\/\/rnoticias.com.mx\/Portal\/wp-json\/wp\/v2\/media\/232725"}],"wp:attachment":[{"href":"https:\/\/rnoticias.com.mx\/Portal\/wp-json\/wp\/v2\/media?parent=232724"}],"wp:term":[{"taxonomy":"category","embeddable":true,"href":"https:\/\/rnoticias.com.mx\/Portal\/wp-json\/wp\/v2\/categories?post=232724"},{"taxonomy":"post_tag","embeddable":true,"href":"https:\/\/rnoticias.com.mx\/Portal\/wp-json\/wp\/v2\/tags?post=232724"}],"curies":[{"name":"wp","href":"https:\/\/api.w.org\/{rel}","templated":true}]}}