{"id":232714,"date":"2025-10-17T12:17:05","date_gmt":"2025-10-17T19:17:05","guid":{"rendered":"https:\/\/rnoticias.com.mx\/Portal\/?p=232714"},"modified":"2025-10-17T12:17:05","modified_gmt":"2025-10-17T19:17:05","slug":"realiza-gobierno-de-sonora-concierto-por-xxxv-aniversario-de-casa-club-de-isssteson","status":"publish","type":"post","link":"https:\/\/rnoticias.com.mx\/Portal\/2025\/10\/17\/realiza-gobierno-de-sonora-concierto-por-xxxv-aniversario-de-casa-club-de-isssteson\/","title":{"rendered":"Realiza Gobierno de Sonora concierto por XXXV aniversario de Casa Club de Isssteson"},"content":{"rendered":"<p><b>Hermosillo, Sonora; 17 de octubre de 2025.- Con la presentaci\u00f3n del Coro de Adultos Mayores y la Orquesta Did\u00e1ctica Odamis, en un grandioso concierto titulado \u201cAires de M\u00e9xico\u201d, el Gobierno de Sonora llev\u00f3 a cabo el segundo evento de la celebraci\u00f3n por los 35 a\u00f1os de la Casa Club del Jubilado y Pensionado de Isssteson.<\/p>\n<p>Teniendo como escenario el Teatro de la Ciudad de la Casa de la Cultura en Hermosillo, las dos agrupaciones, dirigidas por el maestro Mart\u00edn V\u00e9jar Ram\u00edrez e integradas por personas adultas mayores de la Casa Club, mostraron su talento con un repertorio musical muy mexicano que incluy\u00f3 canciones como \u201cLa mula bronca\u201d, \u201cLa pilare\u00f1a\u201d, \u201cDanz\u00f3n Ju\u00e1rez\u201d, \u201cVals de Andrea\u201d, entre muchas otras.<\/p>\n<p>Durante el espect\u00e1culo, presentado con el apoyo del gobernador Alfonso Durazo Monta\u00f1o, participaron el grupo de danza \u201cIoke Ieieme\u201d, dirigido por Javier Guzm\u00e1n; el grupo \u201cBaile de Sal\u00f3n\u201d, bajo la direcci\u00f3n de Miguel Fragoso; y Papelnonos \u201cCiudad del Sol\u201d, de la Casa Club, con la gu\u00eda de Mavidenia Moreno, quienes ambientaron con su ritmo cada interpretaci\u00f3n.<\/p>\n<p>Adem\u00e1s, alumnos del taller de artes pl\u00e1sticas de la Casa Club, a cargo del maestro Enrique D\u00edaz, presentaron una exposici\u00f3n de sus obras pict\u00f3ricas en el lobby de la Casa de la Cultura, como parte del festejo.<\/p>\n<p>Los festejos por el XXXV aniversario de la Casa Club del Jubilado y Pensionado de Isssteson continuar\u00e1n el pr\u00f3ximo mi\u00e9rcoles 29 de octubre con el evento de Coronaci\u00f3n de Reina 2025-2026, t\u00edtulo que actualmente porta Elba Luz Mart\u00ednez Tapia.<\/p>\n<p>En el concierto \u201cAires de M\u00e9xico\u201d, Jes\u00fas Armando Avil\u00e9s Encinas, jefe de la Unidad Jur\u00eddica del Instituto, en representaci\u00f3n del director Luis Alonso Osuna Cota, felicit\u00f3 a todas las personas que han formado parte de la Casa Club en estos primeros 35 a\u00f1os de existencia.<\/b><\/p>\n","protected":false},"excerpt":{"rendered":"<p>Hermosillo, Sonora; 17 de octubre de 2025.- Con la presentaci\u00f3n del Coro de Adultos Mayores y la Orquesta Did\u00e1ctica Odamis, en un grandioso concierto titulado \u201cAires de M\u00e9xico\u201d, el Gobierno de Sonora llev\u00f3 a cabo el segundo evento de la celebraci\u00f3n por los 35 a\u00f1os de la Casa Club del Jubilado y Pensionado de Isssteson. [&hellip;]<\/p>\n","protected":false},"author":2,"featured_media":232715,"comment_status":"closed","ping_status":"closed","sticky":false,"template":"","format":"standard","meta":{"footnotes":""},"categories":[12870,178],"tags":[12865,12869],"class_list":["post-232714","post","type-post","status-publish","format-standard","has-post-thumbnail","hentry","category-destacadas","category-local","tag-destacadas","tag-local"],"jetpack_featured_media_url":"https:\/\/rnoticias.com.mx\/Portal\/wp-content\/uploads\/2025\/10\/ISSSTESON2025-Concierto35AniversarioCasaClub-07.jpg","amp_enabled":true,"_links":{"self":[{"href":"https:\/\/rnoticias.com.mx\/Portal\/wp-json\/wp\/v2\/posts\/232714","targetHints":{"allow":["GET"]}}],"collection":[{"href":"https:\/\/rnoticias.com.mx\/Portal\/wp-json\/wp\/v2\/posts"}],"about":[{"href":"https:\/\/rnoticias.com.mx\/Portal\/wp-json\/wp\/v2\/types\/post"}],"author":[{"embeddable":true,"href":"https:\/\/rnoticias.com.mx\/Portal\/wp-json\/wp\/v2\/users\/2"}],"replies":[{"embeddable":true,"href":"https:\/\/rnoticias.com.mx\/Portal\/wp-json\/wp\/v2\/comments?post=232714"}],"version-history":[{"count":1,"href":"https:\/\/rnoticias.com.mx\/Portal\/wp-json\/wp\/v2\/posts\/232714\/revisions"}],"predecessor-version":[{"id":232716,"href":"https:\/\/rnoticias.com.mx\/Portal\/wp-json\/wp\/v2\/posts\/232714\/revisions\/232716"}],"wp:featuredmedia":[{"embeddable":true,"href":"https:\/\/rnoticias.com.mx\/Portal\/wp-json\/wp\/v2\/media\/232715"}],"wp:attachment":[{"href":"https:\/\/rnoticias.com.mx\/Portal\/wp-json\/wp\/v2\/media?parent=232714"}],"wp:term":[{"taxonomy":"category","embeddable":true,"href":"https:\/\/rnoticias.com.mx\/Portal\/wp-json\/wp\/v2\/categories?post=232714"},{"taxonomy":"post_tag","embeddable":true,"href":"https:\/\/rnoticias.com.mx\/Portal\/wp-json\/wp\/v2\/tags?post=232714"}],"curies":[{"name":"wp","href":"https:\/\/api.w.org\/{rel}","templated":true}]}}