{"id":232708,"date":"2025-10-17T12:14:29","date_gmt":"2025-10-17T19:14:29","guid":{"rendered":"https:\/\/rnoticias.com.mx\/Portal\/?p=232708"},"modified":"2025-10-17T12:14:29","modified_gmt":"2025-10-17T19:14:29","slug":"fmf-confirmo-el-futuro-del-vasco-rumbo-al-mundial-2026","status":"publish","type":"post","link":"https:\/\/rnoticias.com.mx\/Portal\/2025\/10\/17\/fmf-confirmo-el-futuro-del-vasco-rumbo-al-mundial-2026\/","title":{"rendered":"FMF confirm\u00f3 el futuro del \u2018Vasco\u2019 rumbo al Mundial 2026"},"content":{"rendered":"<p>Luego de una fecha FIFA que puso en duda el trabajo realizado hasta el momento por Javier \u2018Vasco\u2019 Aguirre y todo su cuerpo t\u00e9cnico al frente de la Selecci\u00f3n Mexicana al caer por goleada ante Colombia y empatar en Guadalajara ante Ecuador,<strong>\u00a0Mikel Arriola, comisionado de la Federaci\u00f3n Mexicana de Futbol confirm\u00f3 que Aguirre no corre riesgo rumbo al Mundial 2026.<\/strong><\/p>\n<p>A pesar de los comentarios en redes sociales por parte de la afici\u00f3n mexicana, donde muchos ped\u00edan la salida del \u00b4Vasco\u00b4 de la selecci\u00f3n,<strong>\u00a0desde las entra\u00f1as de la FMF consideran que es el t\u00e9cnico ideal para M\u00e9xico.<\/strong><\/p>\n<p>\u201cAbsolutamente. Sin ninguna duda.\u00a0<strong>Javier\u00a0Aguirre es el hombre indicado,\u00a0es el l\u00edder de un plan, de un programa que dise\u00f1\u00f3 junto con los due\u00f1os, junto con la FMF y est\u00e1 en la fase de implementaci\u00f3n que implica retos.<\/strong>\u00a0Pero a ver, si hacemos un poco el balance distinto a los partidos de preparaci\u00f3n que llevamos, Javier lo que ya le aport\u00f3 al pa\u00eds fue el t\u00edtulo de la\u00a0Nations League\u00a0que no se hab\u00eda obtenido&#8221;, dijo Mikel Arriola.<\/p>\n<p>Tras estas declaraciones, no queda ninguna duda que<strong>\u00a0Javier Aguirre tendr\u00e1 una tercera oportunidad en un Mundial para llevar al \u2018tricolor\u2019 a los tan ansiados cuartos de final, meta que no alcanz\u00f3 en las dos oportunidades pasadas y por el momento pinta muy complicado en esta ocasi\u00f3n, estando a solo ocho meses de que inicie participaci\u00f3n en la justa mundialista.<\/strong><\/p>\n<p>&nbsp;<\/p>\n<p>&nbsp;<\/p>\n<p>Fuente: El Universal<\/p>\n","protected":false},"excerpt":{"rendered":"<p>Luego de una fecha FIFA que puso en duda el trabajo realizado hasta el momento por Javier \u2018Vasco\u2019 Aguirre y todo su cuerpo t\u00e9cnico al frente de la Selecci\u00f3n Mexicana al caer por goleada ante Colombia y empatar en Guadalajara ante Ecuador,\u00a0Mikel Arriola, comisionado de la Federaci\u00f3n Mexicana de Futbol confirm\u00f3 que Aguirre no corre [&hellip;]<\/p>\n","protected":false},"author":2,"featured_media":232709,"comment_status":"closed","ping_status":"closed","sticky":false,"template":"","format":"standard","meta":{"footnotes":""},"categories":[188,12870],"tags":[5231,12865],"class_list":["post-232708","post","type-post","status-publish","format-standard","has-post-thumbnail","hentry","category-deportes","category-destacadas","tag-deportes","tag-destacadas"],"jetpack_featured_media_url":"https:\/\/rnoticias.com.mx\/Portal\/wp-content\/uploads\/2025\/10\/disen-o_sin_titulo_-6-.png_375108060.webp","amp_enabled":true,"_links":{"self":[{"href":"https:\/\/rnoticias.com.mx\/Portal\/wp-json\/wp\/v2\/posts\/232708","targetHints":{"allow":["GET"]}}],"collection":[{"href":"https:\/\/rnoticias.com.mx\/Portal\/wp-json\/wp\/v2\/posts"}],"about":[{"href":"https:\/\/rnoticias.com.mx\/Portal\/wp-json\/wp\/v2\/types\/post"}],"author":[{"embeddable":true,"href":"https:\/\/rnoticias.com.mx\/Portal\/wp-json\/wp\/v2\/users\/2"}],"replies":[{"embeddable":true,"href":"https:\/\/rnoticias.com.mx\/Portal\/wp-json\/wp\/v2\/comments?post=232708"}],"version-history":[{"count":1,"href":"https:\/\/rnoticias.com.mx\/Portal\/wp-json\/wp\/v2\/posts\/232708\/revisions"}],"predecessor-version":[{"id":232710,"href":"https:\/\/rnoticias.com.mx\/Portal\/wp-json\/wp\/v2\/posts\/232708\/revisions\/232710"}],"wp:featuredmedia":[{"embeddable":true,"href":"https:\/\/rnoticias.com.mx\/Portal\/wp-json\/wp\/v2\/media\/232709"}],"wp:attachment":[{"href":"https:\/\/rnoticias.com.mx\/Portal\/wp-json\/wp\/v2\/media?parent=232708"}],"wp:term":[{"taxonomy":"category","embeddable":true,"href":"https:\/\/rnoticias.com.mx\/Portal\/wp-json\/wp\/v2\/categories?post=232708"},{"taxonomy":"post_tag","embeddable":true,"href":"https:\/\/rnoticias.com.mx\/Portal\/wp-json\/wp\/v2\/tags?post=232708"}],"curies":[{"name":"wp","href":"https:\/\/api.w.org\/{rel}","templated":true}]}}