{"id":232702,"date":"2025-10-17T11:18:28","date_gmt":"2025-10-17T18:18:28","guid":{"rendered":"https:\/\/rnoticias.com.mx\/Portal\/?p=232702"},"modified":"2025-10-17T11:18:28","modified_gmt":"2025-10-17T18:18:28","slug":"angela-aguilar-confiesa-tener-miedo-al-ser-premiada-en-la-musa-awards-2025","status":"publish","type":"post","link":"https:\/\/rnoticias.com.mx\/Portal\/2025\/10\/17\/angela-aguilar-confiesa-tener-miedo-al-ser-premiada-en-la-musa-awards-2025\/","title":{"rendered":"\u00c1ngela Aguilar confiesa tener miedo al ser premiada en La Musa Awards 2025"},"content":{"rendered":"<p>La cantante\u00a0<strong>\u00c1ngela Aguilar<\/strong>\u00a0recibi\u00f3 el premio\u00a0<strong>La Musa Elena Casals 2025<\/strong>\u00a0durante la edici\u00f3n m\u00e1s reciente de La Musa Awards 2025 y confes\u00f3 sentir miedo al ser reconocida en un espacio lleno de artistas consolidados.<\/p>\n<p>Durante la edici\u00f3n m\u00e1s reciente de este evento, organizada por el\u00a0<strong>Sal\u00f3n de la Fama de Compositores Latinos<\/strong>, \u00c1ngela fue reconocida como parte del avance de las mujeres en la\u00a0<strong>m\u00fasica<\/strong>. Adem\u00e1s, la presentadora del evento destac\u00f3 su impacto describi\u00e9ndola como una mujer talentosa.<\/p>\n<p>La cantante expres\u00f3 en su discurso lo que significa para ella escribir canciones, se\u00f1alando que su\u00a0<strong>proceso creativo<\/strong>\u00a0ha sido una forma de sanar, y habl\u00f3 sobre los retos que enfrentan las mujeres en la industria musical y de los cuales precis\u00f3 se siente identificada.<\/p>\n<p><strong>La Musa Awards 2025<\/strong>\u00a0reuni\u00f3 a figuras como Enrique Bunbury, Charles Fox, Jorge Luis Piloto, Juan Hidalgo, Lenny Tav\u00e1rez, M\u00f3nica V\u00e9lez y otros compositores destacados.<\/p>\n<div class=\"twitter-tweet twitter-tweet-rendered\"><\/div>\n<p>&nbsp;<\/p>\n<p>Fuente: Milenio<\/p>\n","protected":false},"excerpt":{"rendered":"<p>La cantante\u00a0\u00c1ngela Aguilar\u00a0recibi\u00f3 el premio\u00a0La Musa Elena Casals 2025\u00a0durante la edici\u00f3n m\u00e1s reciente de La Musa Awards 2025 y confes\u00f3 sentir miedo al ser reconocida en un espacio lleno de artistas consolidados. Durante la edici\u00f3n m\u00e1s reciente de este evento, organizada por el\u00a0Sal\u00f3n de la Fama de Compositores Latinos, \u00c1ngela fue reconocida como parte del [&hellip;]<\/p>\n","protected":false},"author":2,"featured_media":232703,"comment_status":"closed","ping_status":"closed","sticky":false,"template":"","format":"standard","meta":{"footnotes":""},"categories":[12870,219],"tags":[12865,12875],"class_list":["post-232702","post","type-post","status-publish","format-standard","has-post-thumbnail","hentry","category-destacadas","category-espectaculos","tag-destacadas","tag-espectaculos"],"jetpack_featured_media_url":"https:\/\/rnoticias.com.mx\/Portal\/wp-content\/uploads\/2025\/10\/63790a3ff967-gettyimages-2200090159-1.webp","amp_enabled":true,"_links":{"self":[{"href":"https:\/\/rnoticias.com.mx\/Portal\/wp-json\/wp\/v2\/posts\/232702","targetHints":{"allow":["GET"]}}],"collection":[{"href":"https:\/\/rnoticias.com.mx\/Portal\/wp-json\/wp\/v2\/posts"}],"about":[{"href":"https:\/\/rnoticias.com.mx\/Portal\/wp-json\/wp\/v2\/types\/post"}],"author":[{"embeddable":true,"href":"https:\/\/rnoticias.com.mx\/Portal\/wp-json\/wp\/v2\/users\/2"}],"replies":[{"embeddable":true,"href":"https:\/\/rnoticias.com.mx\/Portal\/wp-json\/wp\/v2\/comments?post=232702"}],"version-history":[{"count":1,"href":"https:\/\/rnoticias.com.mx\/Portal\/wp-json\/wp\/v2\/posts\/232702\/revisions"}],"predecessor-version":[{"id":232704,"href":"https:\/\/rnoticias.com.mx\/Portal\/wp-json\/wp\/v2\/posts\/232702\/revisions\/232704"}],"wp:featuredmedia":[{"embeddable":true,"href":"https:\/\/rnoticias.com.mx\/Portal\/wp-json\/wp\/v2\/media\/232703"}],"wp:attachment":[{"href":"https:\/\/rnoticias.com.mx\/Portal\/wp-json\/wp\/v2\/media?parent=232702"}],"wp:term":[{"taxonomy":"category","embeddable":true,"href":"https:\/\/rnoticias.com.mx\/Portal\/wp-json\/wp\/v2\/categories?post=232702"},{"taxonomy":"post_tag","embeddable":true,"href":"https:\/\/rnoticias.com.mx\/Portal\/wp-json\/wp\/v2\/tags?post=232702"}],"curies":[{"name":"wp","href":"https:\/\/api.w.org\/{rel}","templated":true}]}}