{"id":232699,"date":"2025-10-17T11:16:10","date_gmt":"2025-10-17T18:16:10","guid":{"rendered":"https:\/\/rnoticias.com.mx\/Portal\/?p=232699"},"modified":"2025-10-17T11:16:10","modified_gmt":"2025-10-17T18:16:10","slug":"claudia-sheinbaum-niega-que-alza-de-impuestos-a-refrescos-sea-para-recaudacion","status":"publish","type":"post","link":"https:\/\/rnoticias.com.mx\/Portal\/2025\/10\/17\/claudia-sheinbaum-niega-que-alza-de-impuestos-a-refrescos-sea-para-recaudacion\/","title":{"rendered":"Claudia Sheinbaum niega que alza de impuestos a refrescos sea para recaudaci\u00f3n"},"content":{"rendered":"<p>La presidenta\u00a0<strong>Claudia Sheinbaum<\/strong>\u00a0defendi\u00f3 este viernes el aumento al\u00a0<strong>Impuesto Especial sobre Producci\u00f3n y Servicios<\/strong>\u00a0(IEPS) aplicado a\u00a0<strong>refrescos<\/strong>\u00a0y\u00a0<strong>bebidas azucaradas<\/strong>, reiterando que la medida no tiene fines de recaudaci\u00f3n, sino de\u00a0<strong>salud p\u00fablica<\/strong>, pues se busca reducir el consumo de estos productos en el pa\u00eds.<\/p>\n<p>Explic\u00f3 que el objetivo del alza de estos impuestos es combatir la\u00a0<strong>obesidad infantil<\/strong>, as\u00ed como la\u00a0<strong>diabetes e hipertensi\u00f3n<\/strong>, pues\u00a0los casos de dichas enfermedades han aumentado. En este sentido, plante\u00f3 que esta medida podr\u00eda modificar los\u00a0<strong>h\u00e1bitos de compra<\/strong>\u00a0de las familias mexicanas.<\/p>\n<p>Por su parte, Eduardo Clark, subsecretario de\u00a0<strong>Integraci\u00f3n y Desarrollo del Sector Salud<\/strong>, destac\u00f3 el compromiso de las\u00a0refresqueras para reducir 30% el contenido de az\u00facar en sus productos\u00a0e impulsar bebidas light y zero. Detall\u00f3 que se mantendr\u00e1 el IEPS en 3.08 pesos por litro para las bebidas con az\u00facar, refrescos que contengan az\u00facar o jarabe de alta fructuosa, as\u00ed como bebidas con alto contenido cal\u00f3rico.<\/p>\n<p>Asimismo, la empresa\u00a0<strong>Coca<\/strong>&#8211;<strong>Cola<\/strong>\u00a0acord\u00f3 reducir en 30 por ciento de las\u00a0<strong>calor\u00edas de sus refrescos<\/strong>\u00a0de manera escalonada, empezando por las presentaciones de mayor tama\u00f1o, e impulsar sus bebidas \u2018light\u2019 y \u2018zero\u2019.<\/p>\n<p>&nbsp;<\/p>\n<p>Fuente: Milenio<\/p>\n","protected":false},"excerpt":{"rendered":"<p>La presidenta\u00a0Claudia Sheinbaum\u00a0defendi\u00f3 este viernes el aumento al\u00a0Impuesto Especial sobre Producci\u00f3n y Servicios\u00a0(IEPS) aplicado a\u00a0refrescos\u00a0y\u00a0bebidas azucaradas, reiterando que la medida no tiene fines de recaudaci\u00f3n, sino de\u00a0salud p\u00fablica, pues se busca reducir el consumo de estos productos en el pa\u00eds. Explic\u00f3 que el objetivo del alza de estos impuestos es combatir la\u00a0obesidad infantil, as\u00ed como [&hellip;]<\/p>\n","protected":false},"author":2,"featured_media":232700,"comment_status":"closed","ping_status":"closed","sticky":false,"template":"","format":"standard","meta":{"footnotes":""},"categories":[12870,172],"tags":[12865,12874],"class_list":["post-232699","post","type-post","status-publish","format-standard","has-post-thumbnail","hentry","category-destacadas","category-nacional","tag-destacadas","tag-nacional"],"jetpack_featured_media_url":"https:\/\/rnoticias.com.mx\/Portal\/wp-content\/uploads\/2025\/10\/claudia2.jpg","amp_enabled":true,"_links":{"self":[{"href":"https:\/\/rnoticias.com.mx\/Portal\/wp-json\/wp\/v2\/posts\/232699","targetHints":{"allow":["GET"]}}],"collection":[{"href":"https:\/\/rnoticias.com.mx\/Portal\/wp-json\/wp\/v2\/posts"}],"about":[{"href":"https:\/\/rnoticias.com.mx\/Portal\/wp-json\/wp\/v2\/types\/post"}],"author":[{"embeddable":true,"href":"https:\/\/rnoticias.com.mx\/Portal\/wp-json\/wp\/v2\/users\/2"}],"replies":[{"embeddable":true,"href":"https:\/\/rnoticias.com.mx\/Portal\/wp-json\/wp\/v2\/comments?post=232699"}],"version-history":[{"count":1,"href":"https:\/\/rnoticias.com.mx\/Portal\/wp-json\/wp\/v2\/posts\/232699\/revisions"}],"predecessor-version":[{"id":232701,"href":"https:\/\/rnoticias.com.mx\/Portal\/wp-json\/wp\/v2\/posts\/232699\/revisions\/232701"}],"wp:featuredmedia":[{"embeddable":true,"href":"https:\/\/rnoticias.com.mx\/Portal\/wp-json\/wp\/v2\/media\/232700"}],"wp:attachment":[{"href":"https:\/\/rnoticias.com.mx\/Portal\/wp-json\/wp\/v2\/media?parent=232699"}],"wp:term":[{"taxonomy":"category","embeddable":true,"href":"https:\/\/rnoticias.com.mx\/Portal\/wp-json\/wp\/v2\/categories?post=232699"},{"taxonomy":"post_tag","embeddable":true,"href":"https:\/\/rnoticias.com.mx\/Portal\/wp-json\/wp\/v2\/tags?post=232699"}],"curies":[{"name":"wp","href":"https:\/\/api.w.org\/{rel}","templated":true}]}}