{"id":232693,"date":"2025-10-17T11:12:26","date_gmt":"2025-10-17T18:12:26","guid":{"rendered":"https:\/\/rnoticias.com.mx\/Portal\/?p=232693"},"modified":"2025-10-17T11:12:26","modified_gmt":"2025-10-17T18:12:26","slug":"pugilistas-sonorenses-logran-medallas-en-torneo-internacional-boxam-en-espana","status":"publish","type":"post","link":"https:\/\/rnoticias.com.mx\/Portal\/2025\/10\/17\/pugilistas-sonorenses-logran-medallas-en-torneo-internacional-boxam-en-espana\/","title":{"rendered":"Pugilistas sonorenses logran medallas en Torneo Internacional Boxam en Espa\u00f1a"},"content":{"rendered":"<p>Hermosillo, Sonora, 17 de octubre del 2025.- Los pugilistas sonorenses Marcos Casta\u00f1eda y Gabriela Hern\u00e1ndez conquistaron medallas en el Torneo Internacional Boxam 2025 que se celebr\u00f3 en la localidad de La Nuc\u00eda, Alicante, en Espa\u00f1a.<\/p>\n<p>Casta\u00f1eda consigui\u00f3 la presea del m\u00e1ximo color en la divisi\u00f3n de 60 kilogramos, a su vez Hern\u00e1ndez obtuvo plata en la divisi\u00f3n de los 70, ambos dentro de la categor\u00eda Juvenil, como parte de la gran participaci\u00f3n de M\u00e9xico que termin\u00f3 como el mejor equipo en ese certamen en suelo espa\u00f1ol, realizado del 6 al 12 de octubre.<\/p>\n<p>El originario de Hermosillo gan\u00f3 tres combates, incluyendo la final sobre un compatriota; anteriormente venci\u00f3 a contrincantes de Irlanda y Espa\u00f1a, con lo que redonde\u00f3 una gran temporada, pues alz\u00f3 el subcampeonato en la edici\u00f3n 2025 de la Olimpiada Nacional (luego de ser oro en el 2024).<\/p>\n<p>En el caso de la cajemense, se qued\u00f3 con la plata tras caer en la disputa del cetro en contra de una rival de Portugal, mediante una controversial decisi\u00f3n, igualando lo que logr\u00f3 en el Continental de Colombia este mismo a\u00f1o.<\/p>\n<p>De tal forma, los sonorenses cooperaron a que el \u201cTricolor\u201d de boxeo obtuviera 49 preseas para liderar el medallero del evento efectuado en el Pabell\u00f3n Muixara, en donde subieron al ring m\u00e1s de 200 pugilistas de 12 pa\u00edses: M\u00e9xico, Irlanda, Colombia, T\u00fanez, Pa\u00edses Bajos, Francia, Bulgaria, Portugal, Ucrania, Moldavia, Suiza y Espa\u00f1a.<\/p>\n","protected":false},"excerpt":{"rendered":"<p>Hermosillo, Sonora, 17 de octubre del 2025.- Los pugilistas sonorenses Marcos Casta\u00f1eda y Gabriela Hern\u00e1ndez conquistaron medallas en el Torneo Internacional Boxam 2025 que se celebr\u00f3 en la localidad de La Nuc\u00eda, Alicante, en Espa\u00f1a. Casta\u00f1eda consigui\u00f3 la presea del m\u00e1ximo color en la divisi\u00f3n de 60 kilogramos, a su vez Hern\u00e1ndez obtuvo plata en [&hellip;]<\/p>\n","protected":false},"author":2,"featured_media":232694,"comment_status":"closed","ping_status":"closed","sticky":false,"template":"","format":"standard","meta":{"footnotes":""},"categories":[188,12870],"tags":[5231,12865],"class_list":["post-232693","post","type-post","status-publish","format-standard","has-post-thumbnail","hentry","category-deportes","category-destacadas","tag-deportes","tag-destacadas"],"jetpack_featured_media_url":"https:\/\/rnoticias.com.mx\/Portal\/wp-content\/uploads\/2025\/10\/unnamed-1-18.jpg","amp_enabled":true,"_links":{"self":[{"href":"https:\/\/rnoticias.com.mx\/Portal\/wp-json\/wp\/v2\/posts\/232693","targetHints":{"allow":["GET"]}}],"collection":[{"href":"https:\/\/rnoticias.com.mx\/Portal\/wp-json\/wp\/v2\/posts"}],"about":[{"href":"https:\/\/rnoticias.com.mx\/Portal\/wp-json\/wp\/v2\/types\/post"}],"author":[{"embeddable":true,"href":"https:\/\/rnoticias.com.mx\/Portal\/wp-json\/wp\/v2\/users\/2"}],"replies":[{"embeddable":true,"href":"https:\/\/rnoticias.com.mx\/Portal\/wp-json\/wp\/v2\/comments?post=232693"}],"version-history":[{"count":1,"href":"https:\/\/rnoticias.com.mx\/Portal\/wp-json\/wp\/v2\/posts\/232693\/revisions"}],"predecessor-version":[{"id":232695,"href":"https:\/\/rnoticias.com.mx\/Portal\/wp-json\/wp\/v2\/posts\/232693\/revisions\/232695"}],"wp:featuredmedia":[{"embeddable":true,"href":"https:\/\/rnoticias.com.mx\/Portal\/wp-json\/wp\/v2\/media\/232694"}],"wp:attachment":[{"href":"https:\/\/rnoticias.com.mx\/Portal\/wp-json\/wp\/v2\/media?parent=232693"}],"wp:term":[{"taxonomy":"category","embeddable":true,"href":"https:\/\/rnoticias.com.mx\/Portal\/wp-json\/wp\/v2\/categories?post=232693"},{"taxonomy":"post_tag","embeddable":true,"href":"https:\/\/rnoticias.com.mx\/Portal\/wp-json\/wp\/v2\/tags?post=232693"}],"curies":[{"name":"wp","href":"https:\/\/api.w.org\/{rel}","templated":true}]}}