{"id":232690,"date":"2025-10-17T10:15:58","date_gmt":"2025-10-17T17:15:58","guid":{"rendered":"https:\/\/rnoticias.com.mx\/Portal\/?p=232690"},"modified":"2025-10-17T10:15:58","modified_gmt":"2025-10-17T17:15:58","slug":"gobernador-durazo-extiende-la-convocatoria-de-becas-sonora-de-oportunidades","status":"publish","type":"post","link":"https:\/\/rnoticias.com.mx\/Portal\/2025\/10\/17\/gobernador-durazo-extiende-la-convocatoria-de-becas-sonora-de-oportunidades\/","title":{"rendered":"Gobernador Durazo extiende la convocatoria de Becas Sonora de Oportunidades"},"content":{"rendered":"<p>Hermosillo, Sonora; 17 de octubre de 2025.- Reafirmando el compromiso del gobernador Alfonso Durazo con la educaci\u00f3n, el Instituto de Becas y Cr\u00e9dito Educativo del Estado de Sonora (Ibcees) extendi\u00f3 hasta el 25 de octubre el per\u00edodo de registro de la convocatoria Becas Sonora de Oportunidades para estudiantes de primaria p\u00fablica del ciclo escolar 2025-2026.<\/p>\n<p>Madres y padres de familia de todo el estado pueden registrar a sus hijas e hijos para ser parte de los m\u00e1s de 41 mil estudiantes beneficiarios de un apoyo econ\u00f3mico de dos mil doscientos pesos por ciclo escolar.<\/p>\n<p>Las y los interesados pueden realizar el registro de forma directa y totalmente gratuita a trav\u00e9s del sitio web\u00a0<a href=\"http:\/\/www.becasycredito.sonora.gob.mx\/\" target=\"_blank\" rel=\"noopener\" data-saferedirecturl=\"https:\/\/www.google.com\/url?q=http:\/\/www.becasycredito.sonora.gob.mx&amp;source=gmail&amp;ust=1760741576876000&amp;usg=AOvVaw32QXmWkPvVmdOC7rSmEU8r\">www.becasycredito.sonora.gob.<wbr \/>mx<\/a>, o acudir a las oficinas del Instituto ubicadas en Hermosillo (Calle Dr. Domingo Olivares No. 128, esquina con Paseo de la Paz, colonia Valle Grande), Ciudad Obreg\u00f3n (Calle Sinaloa No. 666, entre 6 de Abril y Nicol\u00e1s Bravo, colonia Centro) y Nogales (Calle Campillo No. 140, colonia Fundo Legal, en Oficinas de la Agencia Fiscal).<\/p>\n<p>Asimismo, continuar\u00e1n las jornadas de registro en territorio para acercar este apoyo a las familias de mayor vulnerabilidad y garantizar que el programa de becas m\u00e1s grande en la historia de la entidad llegue a quienes m\u00e1s lo necesitan.<\/p>\n<p>Con estas acciones, el Gobierno de Sonora reafirma su compromiso con la ni\u00f1ez sonorense y con la transformaci\u00f3n de la entidad desde las aulas, impulsando una educaci\u00f3n con igualdad de oportunidades para todas y todos.<\/p>\n","protected":false},"excerpt":{"rendered":"<p>Hermosillo, Sonora; 17 de octubre de 2025.- Reafirmando el compromiso del gobernador Alfonso Durazo con la educaci\u00f3n, el Instituto de Becas y Cr\u00e9dito Educativo del Estado de Sonora (Ibcees) extendi\u00f3 hasta el 25 de octubre el per\u00edodo de registro de la convocatoria Becas Sonora de Oportunidades para estudiantes de primaria p\u00fablica del ciclo escolar 2025-2026. [&hellip;]<\/p>\n","protected":false},"author":2,"featured_media":232691,"comment_status":"closed","ping_status":"closed","sticky":false,"template":"","format":"standard","meta":{"footnotes":""},"categories":[12870,178],"tags":[12865,12869],"class_list":["post-232690","post","type-post","status-publish","format-standard","has-post-thumbnail","hentry","category-destacadas","category-local","tag-destacadas","tag-local"],"jetpack_featured_media_url":"https:\/\/rnoticias.com.mx\/Portal\/wp-content\/uploads\/2025\/10\/unnamed-48.jpg","amp_enabled":true,"_links":{"self":[{"href":"https:\/\/rnoticias.com.mx\/Portal\/wp-json\/wp\/v2\/posts\/232690","targetHints":{"allow":["GET"]}}],"collection":[{"href":"https:\/\/rnoticias.com.mx\/Portal\/wp-json\/wp\/v2\/posts"}],"about":[{"href":"https:\/\/rnoticias.com.mx\/Portal\/wp-json\/wp\/v2\/types\/post"}],"author":[{"embeddable":true,"href":"https:\/\/rnoticias.com.mx\/Portal\/wp-json\/wp\/v2\/users\/2"}],"replies":[{"embeddable":true,"href":"https:\/\/rnoticias.com.mx\/Portal\/wp-json\/wp\/v2\/comments?post=232690"}],"version-history":[{"count":1,"href":"https:\/\/rnoticias.com.mx\/Portal\/wp-json\/wp\/v2\/posts\/232690\/revisions"}],"predecessor-version":[{"id":232692,"href":"https:\/\/rnoticias.com.mx\/Portal\/wp-json\/wp\/v2\/posts\/232690\/revisions\/232692"}],"wp:featuredmedia":[{"embeddable":true,"href":"https:\/\/rnoticias.com.mx\/Portal\/wp-json\/wp\/v2\/media\/232691"}],"wp:attachment":[{"href":"https:\/\/rnoticias.com.mx\/Portal\/wp-json\/wp\/v2\/media?parent=232690"}],"wp:term":[{"taxonomy":"category","embeddable":true,"href":"https:\/\/rnoticias.com.mx\/Portal\/wp-json\/wp\/v2\/categories?post=232690"},{"taxonomy":"post_tag","embeddable":true,"href":"https:\/\/rnoticias.com.mx\/Portal\/wp-json\/wp\/v2\/tags?post=232690"}],"curies":[{"name":"wp","href":"https:\/\/api.w.org\/{rel}","templated":true}]}}