{"id":232687,"date":"2025-10-17T10:05:04","date_gmt":"2025-10-17T17:05:04","guid":{"rendered":"https:\/\/rnoticias.com.mx\/Portal\/?p=232687"},"modified":"2025-10-17T10:05:04","modified_gmt":"2025-10-17T17:05:04","slug":"lebron-james-el-hombre-record-de-la-nba","status":"publish","type":"post","link":"https:\/\/rnoticias.com.mx\/Portal\/2025\/10\/17\/lebron-james-el-hombre-record-de-la-nba\/","title":{"rendered":"LeBron James, el hombre r\u00e9cord de la NBA"},"content":{"rendered":"<p>Cuando entre a la pista en la nueva campa\u00f1a\u00a0de la NBA,<strong>\u00a0LeBron James se convertir\u00e1 en el \u00fanico jugador en la historia en disputar 23 temporadas en la liga de baloncesto estadounidense<\/strong>, un nuevo r\u00e9cord de longevidad para &#8216;el Elegido&#8217;, que en diciembre cumplir\u00e1 los 41 a\u00f1os.<\/p>\n<p>Pendiente de su recuperaci\u00f3n de un problema de ci\u00e1tica, que<strong>\u00a0le impedir\u00e1 vestirse de corto el 21 de octubre para el estreno de Los \u00c1ngeles Lakers contra los Golden State Warriors<\/strong>, LeBron arrancar\u00e1 su primera temporada completa al lado del esloveno Luka Doncic, con el que ir\u00e1 a por el quinto anillo de su carrera.<\/p>\n<p>Los \u00faltimos d\u00edas de LeBron han estado marcados por las pol\u00e9micas y las cr\u00edticas, despu\u00e9s de que este insinuara la semana pasada que har\u00eda un importante anuncio sobre el futuro de su carrera, que<strong>\u00a0result\u00f3 ser una campa\u00f1a publicitaria de una marca de bebidas alcoh\u00f3licas.<\/strong><\/p>\n<p>La posibilidad de que LeBron anunciara su despedida del baloncesto al acabar la presente temporada provoc\u00f3 un notable aumento en el precio de las entradas para los partidos de los Lakers, antes de que todo se quedara en un truco de m\u00e1rketing.<\/p>\n<p><strong>El cuatro veces MVP de la temporada regular reconoci\u00f3 en el d\u00eda de medios que su adi\u00f3s al baloncesto ser\u00eda m\u00e1s pronto que tarde, pero no especific\u00f3 cu\u00e1ndo.<\/strong><\/p>\n<p>&#8220;Para m\u00ed se trata de ser el mejor jugador que puedo ser cada d\u00eda. S\u00e9 que el final es pronto, no doy nada por sentado. Poder seguir haciendo jugadas, ser respetado en pista, es algo que me da mucha satisfacci\u00f3n&#8221;, dijo LeBron en rueda de prensa.<\/p>\n<p><strong>&#8220;Me encanta jugar, para m\u00ed la edad es solo un n\u00famero, pero es verdad que en la historia de este deporte no ha habido muchos chicos de mi edad capaces de jugar a ese nivel. Quiero inspirar a todos los que pueda&#8221;, prosigui\u00f3.<\/strong><\/p>\n<p>&#8220;Tienes la edad que sientes. Veo mi edad como el vino que tomo: cuanto m\u00e1s viejo es, mejor sabe. No s\u00e9, tal vez es porque duermo bien&#8221;, concluy\u00f3 con una sonrisa.<\/p>\n<p>&nbsp;<\/p>\n<p>&nbsp;<\/p>\n<p>Fuente: EFE<\/p>\n","protected":false},"excerpt":{"rendered":"<p>Cuando entre a la pista en la nueva campa\u00f1a\u00a0de la NBA,\u00a0LeBron James se convertir\u00e1 en el \u00fanico jugador en la historia en disputar 23 temporadas en la liga de baloncesto estadounidense, un nuevo r\u00e9cord de longevidad para &#8216;el Elegido&#8217;, que en diciembre cumplir\u00e1 los 41 a\u00f1os. Pendiente de su recuperaci\u00f3n de un problema de ci\u00e1tica, [&hellip;]<\/p>\n","protected":false},"author":2,"featured_media":232688,"comment_status":"closed","ping_status":"closed","sticky":false,"template":"","format":"standard","meta":{"footnotes":""},"categories":[188,12870],"tags":[5231,12865],"class_list":["post-232687","post","type-post","status-publish","format-standard","has-post-thumbnail","hentry","category-deportes","category-destacadas","tag-deportes","tag-destacadas"],"jetpack_featured_media_url":"https:\/\/rnoticias.com.mx\/Portal\/wp-content\/uploads\/2025\/10\/f30dce95e81a12a2b54968928719625b.webp","amp_enabled":true,"_links":{"self":[{"href":"https:\/\/rnoticias.com.mx\/Portal\/wp-json\/wp\/v2\/posts\/232687","targetHints":{"allow":["GET"]}}],"collection":[{"href":"https:\/\/rnoticias.com.mx\/Portal\/wp-json\/wp\/v2\/posts"}],"about":[{"href":"https:\/\/rnoticias.com.mx\/Portal\/wp-json\/wp\/v2\/types\/post"}],"author":[{"embeddable":true,"href":"https:\/\/rnoticias.com.mx\/Portal\/wp-json\/wp\/v2\/users\/2"}],"replies":[{"embeddable":true,"href":"https:\/\/rnoticias.com.mx\/Portal\/wp-json\/wp\/v2\/comments?post=232687"}],"version-history":[{"count":1,"href":"https:\/\/rnoticias.com.mx\/Portal\/wp-json\/wp\/v2\/posts\/232687\/revisions"}],"predecessor-version":[{"id":232689,"href":"https:\/\/rnoticias.com.mx\/Portal\/wp-json\/wp\/v2\/posts\/232687\/revisions\/232689"}],"wp:featuredmedia":[{"embeddable":true,"href":"https:\/\/rnoticias.com.mx\/Portal\/wp-json\/wp\/v2\/media\/232688"}],"wp:attachment":[{"href":"https:\/\/rnoticias.com.mx\/Portal\/wp-json\/wp\/v2\/media?parent=232687"}],"wp:term":[{"taxonomy":"category","embeddable":true,"href":"https:\/\/rnoticias.com.mx\/Portal\/wp-json\/wp\/v2\/categories?post=232687"},{"taxonomy":"post_tag","embeddable":true,"href":"https:\/\/rnoticias.com.mx\/Portal\/wp-json\/wp\/v2\/tags?post=232687"}],"curies":[{"name":"wp","href":"https:\/\/api.w.org\/{rel}","templated":true}]}}