{"id":232683,"date":"2025-10-16T21:34:15","date_gmt":"2025-10-17T04:34:15","guid":{"rendered":"https:\/\/rnoticias.com.mx\/Portal\/?p=232683"},"modified":"2025-10-16T21:34:15","modified_gmt":"2025-10-17T04:34:15","slug":"ofrece-urbanista-carlos-moreno-concepto-de-ciudades-de-15-minutos-con-enfoque-de-proximidad-en-el-foro-mundial-de-energia-solar","status":"publish","type":"post","link":"https:\/\/rnoticias.com.mx\/Portal\/2025\/10\/16\/ofrece-urbanista-carlos-moreno-concepto-de-ciudades-de-15-minutos-con-enfoque-de-proximidad-en-el-foro-mundial-de-energia-solar\/","title":{"rendered":"Ofrece urbanista Carlos Moreno concepto de &#8220;Ciudades de 15 Minutos&#8221; con enfoque de proximidad en el Foro Mundial de Energ\u00eda Solar"},"content":{"rendered":"<p>Hermosillo, Sonora; 16 de octubre, 2025.- El urbanista y cient\u00edfico Carlos Moreno, estuvo a cargo de la conferencia magistral en el segundo d\u00eda del Foro Mundial de Energ\u00eda Solar 2025 llamada &#8220;Ciudades de 15 Minutos&#8221;, en busca de transformar ciudades con el enfoque de proximidad, modelo de planteamiento urbano destinado a hacerlas m\u00e1s sostenibles y habitables.<\/p>\n<p>El presidente municipal Antonio Astiazar\u00e1n Guti\u00e9rrez, dio la bienvenida al conferencista colombiano, con residencia en Par\u00eds desde hace d\u00e9cadas, mensaje en el que reflexion\u00f3 respecto a los retos en el presente y para el futuro que plantea el crecimiento horizontal en ciudades de todo el mundo y las formas en que desde lo local se puede contribuir a combatir el calentamiento global.<\/p>\n<p>\u201cEl calentamiento global no va a terminar de arriba hacia abajo, va a terminarse de abajo hacia arriba, y eso implica cambiar pr\u00e1cticas, h\u00e1bitos, costumbres y, por supuesto trabajar en la mejor planeaci\u00f3n urbana y en un dise\u00f1o mucho m\u00e1s sustentable para nuestra ciudad\u201d, afirm\u00f3 To\u00f1o Astiazar\u00e1n.<\/p>\n<p>Por su parte, en el desarrollo de su conferencia magistral, Carlos Moreno explic\u00f3 que cre\u00f3 un concepto llamado &#8220;arcoiris de la calidad de vida&#8221; que consiste en que vivienda, trabajo, servicios, salud, educaci\u00f3n y esparcimiento est\u00e9n cerca, mezclando usos y reduciendo traslados largos.<\/p>\n<p>\u201cSi tenemos un acceso que nos permita ir a pie o en bicicleta o en transporte p\u00fablico estamos aumentando nuestra calidad de vida evitando viajes muy largos e inc\u00f3modos\u201d, precis\u00f3.<\/p>\n<p>El investigador dijo que se llama as\u00ed porque son colores que se mezclan para saber qu\u00e9 hay en cada espacio y para qu\u00e9 sirve, debido a que las ciudades son muy desequilibradas bastante gentrificadas bastantes zonificadas y hay mucha segregaci\u00f3n<\/p>\n<p>El arco\u00edris permite corregir esos tipos de desequilibrios con un proceso con un programa, con un plan de urbanismo que va a transformar esa ciudad al paso del tiempo, como ya fue aplicado en Par\u00eds, Francia.<\/p>\n<p>Destac\u00f3 que al desarrollar el concepto de proximidad en las y los ciudadanos se humaniza la ciudad.<\/p>\n","protected":false},"excerpt":{"rendered":"<p>Hermosillo, Sonora; 16 de octubre, 2025.- El urbanista y cient\u00edfico Carlos Moreno, estuvo a cargo de la conferencia magistral en el segundo d\u00eda del Foro Mundial de Energ\u00eda Solar 2025 llamada &#8220;Ciudades de 15 Minutos&#8221;, en busca de transformar ciudades con el enfoque de proximidad, modelo de planteamiento urbano destinado a hacerlas m\u00e1s sostenibles y [&hellip;]<\/p>\n","protected":false},"author":2,"featured_media":232684,"comment_status":"closed","ping_status":"closed","sticky":false,"template":"","format":"standard","meta":{"footnotes":""},"categories":[12870,178],"tags":[12865,12869],"class_list":["post-232683","post","type-post","status-publish","format-standard","has-post-thumbnail","hentry","category-destacadas","category-local","tag-destacadas","tag-local"],"jetpack_featured_media_url":"https:\/\/rnoticias.com.mx\/Portal\/wp-content\/uploads\/2025\/10\/0a528831-a131-4cfa-983f-190c1c87327b.jpeg","amp_enabled":true,"_links":{"self":[{"href":"https:\/\/rnoticias.com.mx\/Portal\/wp-json\/wp\/v2\/posts\/232683","targetHints":{"allow":["GET"]}}],"collection":[{"href":"https:\/\/rnoticias.com.mx\/Portal\/wp-json\/wp\/v2\/posts"}],"about":[{"href":"https:\/\/rnoticias.com.mx\/Portal\/wp-json\/wp\/v2\/types\/post"}],"author":[{"embeddable":true,"href":"https:\/\/rnoticias.com.mx\/Portal\/wp-json\/wp\/v2\/users\/2"}],"replies":[{"embeddable":true,"href":"https:\/\/rnoticias.com.mx\/Portal\/wp-json\/wp\/v2\/comments?post=232683"}],"version-history":[{"count":1,"href":"https:\/\/rnoticias.com.mx\/Portal\/wp-json\/wp\/v2\/posts\/232683\/revisions"}],"predecessor-version":[{"id":232685,"href":"https:\/\/rnoticias.com.mx\/Portal\/wp-json\/wp\/v2\/posts\/232683\/revisions\/232685"}],"wp:featuredmedia":[{"embeddable":true,"href":"https:\/\/rnoticias.com.mx\/Portal\/wp-json\/wp\/v2\/media\/232684"}],"wp:attachment":[{"href":"https:\/\/rnoticias.com.mx\/Portal\/wp-json\/wp\/v2\/media?parent=232683"}],"wp:term":[{"taxonomy":"category","embeddable":true,"href":"https:\/\/rnoticias.com.mx\/Portal\/wp-json\/wp\/v2\/categories?post=232683"},{"taxonomy":"post_tag","embeddable":true,"href":"https:\/\/rnoticias.com.mx\/Portal\/wp-json\/wp\/v2\/tags?post=232683"}],"curies":[{"name":"wp","href":"https:\/\/api.w.org\/{rel}","templated":true}]}}