{"id":232680,"date":"2025-10-16T21:33:23","date_gmt":"2025-10-17T04:33:23","guid":{"rendered":"https:\/\/rnoticias.com.mx\/Portal\/?p=232680"},"modified":"2025-10-16T21:33:23","modified_gmt":"2025-10-17T04:33:23","slug":"gobierno-garantizara-acceso-gratuito-a-playas-de-tulum","status":"publish","type":"post","link":"https:\/\/rnoticias.com.mx\/Portal\/2025\/10\/16\/gobierno-garantizara-acceso-gratuito-a-playas-de-tulum\/","title":{"rendered":"Gobierno garantizar\u00e1 acceso gratuito a playas de Tulum"},"content":{"rendered":"<p><strong>El Gobierno federal trabajar\u00e1 en coordinaci\u00f3n con Quintana Roo para garantizar el\u00a0acceso gratuito\u00a0a las\u00a0playas\u00a0de\u00a0Tulum.<\/strong><\/p>\n<p>Despu\u00e9s de las denuncias de que es dif\u00edcil acceder a las zonas de playa, la presidenta\u00a0Claudia Sheinbaum\u00a0anunci\u00f3 acciones para salvaguardar este derecho.<\/p>\n<p>Sheinbaum Pardo instruy\u00f3 a la\u00a0secretaria de Turismo, Josefina Rodr\u00edguez, reunirse con\u00a0autoridades\u00a0y\u00a0empresarios\u00a0de\u00a0Quintana\u00a0Roo.<\/p>\n<p>Asimismo, acus\u00f3 que se ha denunciado qu\u00e9\u00a0hoteleros controlan el acceso a las playas, en tanto que en el Parque del Jaguar se registran problemas por el peque\u00f1o espacio para ir a la playa.<\/p>\n<p><strong>&#8220;De manera integral lo est\u00e1 atendiendo Josefina, ya le pedimos que nos venga a presentar los acuerdos y c\u00f3mo se va a atender; y est\u00e1 tambi\u00e9n la gobernadora de Quintana Roo, Mara (Lezama) tambi\u00e9n est\u00e1 haciendo muy buen trabajo, est\u00e1n coordinadas\u201d,<\/strong>\u00a0inform\u00f3.<\/p>\n<p>En la\u00a0primera reuni\u00f3n de trabajo\u00a0se intercambiaron inquietudes y se acord\u00f3 acelerar el acceso p\u00fablico y ordenado a las\u00a0playas, as\u00ed como para poner orden en el\u00a0sistema de movilidad y transporte.<\/p>\n<p>Se tiene el\u00a0objetivo es consolidar un modelo de turismo con\u00a0prosperidad compartida\u00a0que genere bienestar para los trabajadores del sector, turistas y los propios habitantes.<\/p>\n<p>De enero a septiembre, en Tulum\u00a0ha recibido m\u00e1s de\u00a01 mill\u00f3n 224 mil turistas, con una ocupaci\u00f3n del 69 por ciento.<\/p>\n<p>&nbsp;<\/p>\n<p>Fuente: L\u00f3pezDoriga<\/p>\n","protected":false},"excerpt":{"rendered":"<p>El Gobierno federal trabajar\u00e1 en coordinaci\u00f3n con Quintana Roo para garantizar el\u00a0acceso gratuito\u00a0a las\u00a0playas\u00a0de\u00a0Tulum. Despu\u00e9s de las denuncias de que es dif\u00edcil acceder a las zonas de playa, la presidenta\u00a0Claudia Sheinbaum\u00a0anunci\u00f3 acciones para salvaguardar este derecho. Sheinbaum Pardo instruy\u00f3 a la\u00a0secretaria de Turismo, Josefina Rodr\u00edguez, reunirse con\u00a0autoridades\u00a0y\u00a0empresarios\u00a0de\u00a0Quintana\u00a0Roo. Asimismo, acus\u00f3 que se ha denunciado qu\u00e9\u00a0hoteleros controlan [&hellip;]<\/p>\n","protected":false},"author":2,"featured_media":232681,"comment_status":"closed","ping_status":"closed","sticky":false,"template":"","format":"standard","meta":{"footnotes":""},"categories":[12870,172],"tags":[12865,12874],"class_list":["post-232680","post","type-post","status-publish","format-standard","has-post-thumbnail","hentry","category-destacadas","category-nacional","tag-destacadas","tag-nacional"],"jetpack_featured_media_url":"https:\/\/rnoticias.com.mx\/Portal\/wp-content\/uploads\/2025\/10\/Gobierno_federal_garantizara_acceso_gratuito_a_playas_de_Tulum.jpg","amp_enabled":true,"_links":{"self":[{"href":"https:\/\/rnoticias.com.mx\/Portal\/wp-json\/wp\/v2\/posts\/232680","targetHints":{"allow":["GET"]}}],"collection":[{"href":"https:\/\/rnoticias.com.mx\/Portal\/wp-json\/wp\/v2\/posts"}],"about":[{"href":"https:\/\/rnoticias.com.mx\/Portal\/wp-json\/wp\/v2\/types\/post"}],"author":[{"embeddable":true,"href":"https:\/\/rnoticias.com.mx\/Portal\/wp-json\/wp\/v2\/users\/2"}],"replies":[{"embeddable":true,"href":"https:\/\/rnoticias.com.mx\/Portal\/wp-json\/wp\/v2\/comments?post=232680"}],"version-history":[{"count":1,"href":"https:\/\/rnoticias.com.mx\/Portal\/wp-json\/wp\/v2\/posts\/232680\/revisions"}],"predecessor-version":[{"id":232682,"href":"https:\/\/rnoticias.com.mx\/Portal\/wp-json\/wp\/v2\/posts\/232680\/revisions\/232682"}],"wp:featuredmedia":[{"embeddable":true,"href":"https:\/\/rnoticias.com.mx\/Portal\/wp-json\/wp\/v2\/media\/232681"}],"wp:attachment":[{"href":"https:\/\/rnoticias.com.mx\/Portal\/wp-json\/wp\/v2\/media?parent=232680"}],"wp:term":[{"taxonomy":"category","embeddable":true,"href":"https:\/\/rnoticias.com.mx\/Portal\/wp-json\/wp\/v2\/categories?post=232680"},{"taxonomy":"post_tag","embeddable":true,"href":"https:\/\/rnoticias.com.mx\/Portal\/wp-json\/wp\/v2\/tags?post=232680"}],"curies":[{"name":"wp","href":"https:\/\/api.w.org\/{rel}","templated":true}]}}