{"id":232665,"date":"2025-10-16T21:07:56","date_gmt":"2025-10-17T04:07:56","guid":{"rendered":"https:\/\/rnoticias.com.mx\/Portal\/?p=232665"},"modified":"2025-10-16T21:07:56","modified_gmt":"2025-10-17T04:07:56","slug":"diputado-prospero-valenzuela-muner-conmemora-el-12-de-octubre-dia-de-la-resistencia-indigena","status":"publish","type":"post","link":"https:\/\/rnoticias.com.mx\/Portal\/2025\/10\/16\/diputado-prospero-valenzuela-muner-conmemora-el-12-de-octubre-dia-de-la-resistencia-indigena\/","title":{"rendered":"Diputado Pr\u00f3spero Valenzuela M\u00fa\u00f1er conmemora el 12 de octubre, D\u00eda de la Resistencia Ind\u00edgena"},"content":{"rendered":"<p>Hermosillo, Sonora; 16 de octubre de 2025.- El diputado Pr\u00f3spero Valenzuela Mu\u00f1er emiti\u00f3 un posicionamiento con motivo de la conmemoraci\u00f3n del D\u00eda de la Naci\u00f3n Pluricultural, el cual representa un reconocimiento a la diversidad cultural y la pluralidad de los pueblos originarios de Am\u00e9rica.<\/p>\n<p>Explic\u00f3 que esta fecha, hist\u00f3ricamente conocida como el D\u00eda de la Raza, ha sido resignificada en los \u00faltimos a\u00f1os para honrar y reconocer la diversidad y pluralidad cultural del continente, celebr\u00e1ndose desde 2020 como el D\u00eda de la Naci\u00f3n Pluricultural. Este cambio, dijo, implica un rechazo contundente a la visi\u00f3n colonizadora que glorificaba la llegada de Crist\u00f3bal Col\u00f3n en 1492, misma que para los pueblos originarios signific\u00f3 el inicio de una invasi\u00f3n, saqueo, colonizaci\u00f3n forzada y genocidio.<\/p>\n<p>Valenzuela Mu\u00f1er record\u00f3 que las civilizaciones originarias de Am\u00e9rica, como los olmecas, mayas, zapotecas, mixtecas y mexicas, desarrollaron sociedades avanzadas con sistemas agr\u00edcolas, astron\u00f3micos, matem\u00e1ticos y arquitect\u00f3nicos de gran complejidad, que evidencian una historia profunda y rica anterior a la llegada de los espa\u00f1oles.<\/p>\n<p>Resalt\u00f3 la resistencia hist\u00f3rica y actual de los pueblos ind\u00edgenas, representada en figuras como Nezahualc\u00f3yotl, Moctezuma y Cuauht\u00e9moc, quienes simbolizan la sabidur\u00eda, valent\u00eda y dignidad de sus pueblos ante la conquista y colonizaci\u00f3n.<\/p>\n<p>\u201cEl 12 de octubre se ha resignificado como el D\u00eda de la Resistencia Ind\u00edgena, un reconocimiento a la incansable resistencia de los pueblos ind\u00edgenas por defender sus territorios, culturas, lenguas y formas de vida\u201d, expres\u00f3 el legislador morenista.<\/p>\n<p>Finalmente, subray\u00f3 el compromiso del gobierno de la Cuarta Transformaci\u00f3n para promover reformas constitucionales que reconocen y fortalecen los derechos de los pueblos ind\u00edgenas y afromexicanos, garantizando su autonom\u00eda, soberan\u00eda y pleno ejercicio de sus derechos colectivos.<\/p>\n","protected":false},"excerpt":{"rendered":"<p>Hermosillo, Sonora; 16 de octubre de 2025.- El diputado Pr\u00f3spero Valenzuela Mu\u00f1er emiti\u00f3 un posicionamiento con motivo de la conmemoraci\u00f3n del D\u00eda de la Naci\u00f3n Pluricultural, el cual representa un reconocimiento a la diversidad cultural y la pluralidad de los pueblos originarios de Am\u00e9rica. Explic\u00f3 que esta fecha, hist\u00f3ricamente conocida como el D\u00eda de la [&hellip;]<\/p>\n","protected":false},"author":2,"featured_media":232666,"comment_status":"closed","ping_status":"closed","sticky":false,"template":"","format":"standard","meta":{"footnotes":""},"categories":[12870,12868],"tags":[12865,12879],"class_list":["post-232665","post","type-post","status-publish","format-standard","has-post-thumbnail","hentry","category-destacadas","category-politica","tag-destacadas","tag-politica"],"jetpack_featured_media_url":"https:\/\/rnoticias.com.mx\/Portal\/wp-content\/uploads\/2025\/10\/a36e4ca3-fbac-4664-bccf-4d01da25bf47.jpeg","amp_enabled":true,"_links":{"self":[{"href":"https:\/\/rnoticias.com.mx\/Portal\/wp-json\/wp\/v2\/posts\/232665","targetHints":{"allow":["GET"]}}],"collection":[{"href":"https:\/\/rnoticias.com.mx\/Portal\/wp-json\/wp\/v2\/posts"}],"about":[{"href":"https:\/\/rnoticias.com.mx\/Portal\/wp-json\/wp\/v2\/types\/post"}],"author":[{"embeddable":true,"href":"https:\/\/rnoticias.com.mx\/Portal\/wp-json\/wp\/v2\/users\/2"}],"replies":[{"embeddable":true,"href":"https:\/\/rnoticias.com.mx\/Portal\/wp-json\/wp\/v2\/comments?post=232665"}],"version-history":[{"count":1,"href":"https:\/\/rnoticias.com.mx\/Portal\/wp-json\/wp\/v2\/posts\/232665\/revisions"}],"predecessor-version":[{"id":232667,"href":"https:\/\/rnoticias.com.mx\/Portal\/wp-json\/wp\/v2\/posts\/232665\/revisions\/232667"}],"wp:featuredmedia":[{"embeddable":true,"href":"https:\/\/rnoticias.com.mx\/Portal\/wp-json\/wp\/v2\/media\/232666"}],"wp:attachment":[{"href":"https:\/\/rnoticias.com.mx\/Portal\/wp-json\/wp\/v2\/media?parent=232665"}],"wp:term":[{"taxonomy":"category","embeddable":true,"href":"https:\/\/rnoticias.com.mx\/Portal\/wp-json\/wp\/v2\/categories?post=232665"},{"taxonomy":"post_tag","embeddable":true,"href":"https:\/\/rnoticias.com.mx\/Portal\/wp-json\/wp\/v2\/tags?post=232665"}],"curies":[{"name":"wp","href":"https:\/\/api.w.org\/{rel}","templated":true}]}}