{"id":232662,"date":"2025-10-16T20:50:55","date_gmt":"2025-10-17T03:50:55","guid":{"rendered":"https:\/\/rnoticias.com.mx\/Portal\/?p=232662"},"modified":"2025-10-16T20:50:55","modified_gmt":"2025-10-17T03:50:55","slug":"destacan-en-el-foro-mundial-de-energia-solar-2025-potencial-de-sonora-para-la-produccion-competitiva-de-hidrogeno-verde","status":"publish","type":"post","link":"https:\/\/rnoticias.com.mx\/Portal\/2025\/10\/16\/destacan-en-el-foro-mundial-de-energia-solar-2025-potencial-de-sonora-para-la-produccion-competitiva-de-hidrogeno-verde\/","title":{"rendered":"Destacan en el Foro Mundial de Energ\u00eda Solar 2025 potencial de Sonora para la producci\u00f3n competitiva de hidr\u00f3geno verde"},"content":{"rendered":"<p>Hermosillo, Sonora; 16 de octubre, 2025.- En el segundo d\u00eda de actividades del Foro Mundial de Energ\u00eda Solar Hermosillo 2025, Fabian Barsky, asesor t\u00e9cnico en alianza energ\u00e9tica entre M\u00e9xico y Alemania, consider\u00f3 que la radiaci\u00f3n solar que abunda en Sonora favorece la producci\u00f3n de hidr\u00f3geno verde a precios competitivos.<\/p>\n<p>A trav\u00e9s del tema &#8220;Prospectiva Energ\u00e9tica del Hidr\u00f3geno Verde en Sonora&#8221; el especialista relat\u00f3 que este componente creado del agua es com\u00fanmente utilizado en la fabricaci\u00f3n de fertilizantes, sin embargo, su potencial de sustituir al di\u00e9sel en transporte de carga y miner\u00eda est\u00e1 creciendo, as\u00ed como su aplicaci\u00f3n en otras \u00e1reas.<\/p>\n<p>Mencion\u00f3 que separar las mol\u00e9culas del hidr\u00f3geno de las de ox\u00edgeno se realiza utilizando energ\u00edas limpias es lo que define al hidr\u00f3geno verde y el que se pueda hacer utilizando energ\u00eda el\u00e9ctrica generada del sol impacta favorablemente en los costos de producci\u00f3n.<\/p>\n<p>\u201cEl precio de la electricidad es el factor determinante en los precios del hidr\u00f3geno, entonces donde hay energ\u00eda renovable a bajos costos hay oportunidad de producir hidr\u00f3geno a verde a costos competitivos\u201d, consider\u00f3.<\/p>\n<p>En el segundo d\u00eda del Foro Mundial de Energ\u00eda Solar 2025 particip\u00f3 tambi\u00e9n Gladiomar Hern\u00e1ndez con la conferencia &#8220;El futuro de los negocios urbanos: Adaptarse o desaparecer, en la era de las ciudades inteligentes&#8221;, quien comparti\u00f3 una propuesta de abordaje para vencer la resistencia natural al cambio por parte de los empresarios de negocios ligados al petr\u00f3leo.<\/p>\n<p>La clave, mencion\u00f3, es crear modelos de negocios que incorporen nuevas tecnolog\u00edas y consideren a las energ\u00edas renovables como servicios que abonan a las cadenas de valor y a la generaci\u00f3n de ganancias.<\/p>\n<p>Consider\u00f3 tambi\u00e9n que transformar la cultura que privilegia el uso del autom\u00f3vil llevar\u00e1 varias generaciones y tendr\u00e1 que ser paralela a la digitalizaci\u00f3n y establecimiento de mecanismos de uso compartidos de la informaci\u00f3n y que esta \u00faltima sea la base de las decisiones.<\/p>\n","protected":false},"excerpt":{"rendered":"<p>Hermosillo, Sonora; 16 de octubre, 2025.- En el segundo d\u00eda de actividades del Foro Mundial de Energ\u00eda Solar Hermosillo 2025, Fabian Barsky, asesor t\u00e9cnico en alianza energ\u00e9tica entre M\u00e9xico y Alemania, consider\u00f3 que la radiaci\u00f3n solar que abunda en Sonora favorece la producci\u00f3n de hidr\u00f3geno verde a precios competitivos. A trav\u00e9s del tema &#8220;Prospectiva Energ\u00e9tica [&hellip;]<\/p>\n","protected":false},"author":2,"featured_media":232663,"comment_status":"closed","ping_status":"closed","sticky":false,"template":"","format":"standard","meta":{"footnotes":""},"categories":[12870,178],"tags":[12865,12869],"class_list":["post-232662","post","type-post","status-publish","format-standard","has-post-thumbnail","hentry","category-destacadas","category-local","tag-destacadas","tag-local"],"jetpack_featured_media_url":"https:\/\/rnoticias.com.mx\/Portal\/wp-content\/uploads\/2025\/10\/8e928925-fbc5-4bbe-9de3-35c90dfc5762.jpeg","amp_enabled":true,"_links":{"self":[{"href":"https:\/\/rnoticias.com.mx\/Portal\/wp-json\/wp\/v2\/posts\/232662","targetHints":{"allow":["GET"]}}],"collection":[{"href":"https:\/\/rnoticias.com.mx\/Portal\/wp-json\/wp\/v2\/posts"}],"about":[{"href":"https:\/\/rnoticias.com.mx\/Portal\/wp-json\/wp\/v2\/types\/post"}],"author":[{"embeddable":true,"href":"https:\/\/rnoticias.com.mx\/Portal\/wp-json\/wp\/v2\/users\/2"}],"replies":[{"embeddable":true,"href":"https:\/\/rnoticias.com.mx\/Portal\/wp-json\/wp\/v2\/comments?post=232662"}],"version-history":[{"count":1,"href":"https:\/\/rnoticias.com.mx\/Portal\/wp-json\/wp\/v2\/posts\/232662\/revisions"}],"predecessor-version":[{"id":232664,"href":"https:\/\/rnoticias.com.mx\/Portal\/wp-json\/wp\/v2\/posts\/232662\/revisions\/232664"}],"wp:featuredmedia":[{"embeddable":true,"href":"https:\/\/rnoticias.com.mx\/Portal\/wp-json\/wp\/v2\/media\/232663"}],"wp:attachment":[{"href":"https:\/\/rnoticias.com.mx\/Portal\/wp-json\/wp\/v2\/media?parent=232662"}],"wp:term":[{"taxonomy":"category","embeddable":true,"href":"https:\/\/rnoticias.com.mx\/Portal\/wp-json\/wp\/v2\/categories?post=232662"},{"taxonomy":"post_tag","embeddable":true,"href":"https:\/\/rnoticias.com.mx\/Portal\/wp-json\/wp\/v2\/tags?post=232662"}],"curies":[{"name":"wp","href":"https:\/\/api.w.org\/{rel}","templated":true}]}}