{"id":232647,"date":"2025-10-16T20:07:30","date_gmt":"2025-10-17T03:07:30","guid":{"rendered":"https:\/\/rnoticias.com.mx\/Portal\/?p=232647"},"modified":"2025-10-16T20:07:30","modified_gmt":"2025-10-17T03:07:30","slug":"fallece-ace-frehley-exguitarrista-y-fundador-de-kiss","status":"publish","type":"post","link":"https:\/\/rnoticias.com.mx\/Portal\/2025\/10\/16\/fallece-ace-frehley-exguitarrista-y-fundador-de-kiss\/","title":{"rendered":"Fallece Ace Frehley, exguitarrista y fundador de KISS"},"content":{"rendered":"<p><strong>Ace Frehley<\/strong>, legendario guitarrista y miembro fundador de la ic\u00f3nica banda\u00a0<strong>KISS<\/strong>, falleci\u00f3 este jueves a los 74 a\u00f1os de edad, tras permanecer varios d\u00edas hospitalizado en estado cr\u00edtico.<\/p>\n<p>De acuerdo con informaci\u00f3n publicada por el portal TMZ,<strong>\u00a0Frehley\u00a0sufri\u00f3 una hemorragia cerebral luego de una ca\u00edda ocurrida en su estudio, lo que lo llev\u00f3 a ser internado de emergencia y conectado a soporte vital.<\/strong><\/p>\n<p>Aunque en un principio su familia manten\u00eda la esperanza de una recuperaci\u00f3n, su estado de salud no mejor\u00f3 y este mi\u00e9rcoles se confirm\u00f3 su muerte.<\/p>\n<p>El accidente oblig\u00f3 al m\u00fasico a cancelar varias fechas de su gira, y pese a un comunicado publicado en sus redes sociales a finales de septiembre en el que aseguraban que se encontraba \u201cbien\u201d, su condici\u00f3n empeor\u00f3 r\u00e1pidamente en las \u00faltimas semanas.<\/p>\n<p>A inicios de octubre, se anunci\u00f3 la cancelaci\u00f3n definitiva del resto de sus presentaciones en 2025 debido a\u00a0<strong>&#8220;problemas m\u00e9dicos en curso&#8221;.<\/strong><\/p>\n<p>Hasta el momento la familia no ha hecho ninguna declaraci\u00f3n al respecto, pero los fans de KISS ya han expresado su solidaridad y apoyo en estos dif\u00edciles momentos: &#8220;En paz descanses Ace. T\u00fa me inspiraste a tocar&#8221;, &#8220;Descansa en paz Spaceman&#8221;, &#8220;Gracias por todo. T\u00fa m\u00fasica vivir\u00e1 por siempre. Donde quiera que vea las estrellas, te ver\u00e9 a ti&#8221;, &#8220;Vuela alto leyenda&#8221;.<\/p>\n","protected":false},"excerpt":{"rendered":"<p>Ace Frehley, legendario guitarrista y miembro fundador de la ic\u00f3nica banda\u00a0KISS, falleci\u00f3 este jueves a los 74 a\u00f1os de edad, tras permanecer varios d\u00edas hospitalizado en estado cr\u00edtico. De acuerdo con informaci\u00f3n publicada por el portal TMZ,\u00a0Frehley\u00a0sufri\u00f3 una hemorragia cerebral luego de una ca\u00edda ocurrida en su estudio, lo que lo llev\u00f3 a ser internado [&hellip;]<\/p>\n","protected":false},"author":2,"featured_media":232648,"comment_status":"closed","ping_status":"closed","sticky":false,"template":"","format":"standard","meta":{"footnotes":""},"categories":[12870,219],"tags":[12865,12875],"class_list":["post-232647","post","type-post","status-publish","format-standard","has-post-thumbnail","hentry","category-destacadas","category-espectaculos","tag-destacadas","tag-espectaculos"],"jetpack_featured_media_url":"https:\/\/rnoticias.com.mx\/Portal\/wp-content\/uploads\/2025\/10\/ace-frehley.webp","amp_enabled":true,"_links":{"self":[{"href":"https:\/\/rnoticias.com.mx\/Portal\/wp-json\/wp\/v2\/posts\/232647","targetHints":{"allow":["GET"]}}],"collection":[{"href":"https:\/\/rnoticias.com.mx\/Portal\/wp-json\/wp\/v2\/posts"}],"about":[{"href":"https:\/\/rnoticias.com.mx\/Portal\/wp-json\/wp\/v2\/types\/post"}],"author":[{"embeddable":true,"href":"https:\/\/rnoticias.com.mx\/Portal\/wp-json\/wp\/v2\/users\/2"}],"replies":[{"embeddable":true,"href":"https:\/\/rnoticias.com.mx\/Portal\/wp-json\/wp\/v2\/comments?post=232647"}],"version-history":[{"count":1,"href":"https:\/\/rnoticias.com.mx\/Portal\/wp-json\/wp\/v2\/posts\/232647\/revisions"}],"predecessor-version":[{"id":232649,"href":"https:\/\/rnoticias.com.mx\/Portal\/wp-json\/wp\/v2\/posts\/232647\/revisions\/232649"}],"wp:featuredmedia":[{"embeddable":true,"href":"https:\/\/rnoticias.com.mx\/Portal\/wp-json\/wp\/v2\/media\/232648"}],"wp:attachment":[{"href":"https:\/\/rnoticias.com.mx\/Portal\/wp-json\/wp\/v2\/media?parent=232647"}],"wp:term":[{"taxonomy":"category","embeddable":true,"href":"https:\/\/rnoticias.com.mx\/Portal\/wp-json\/wp\/v2\/categories?post=232647"},{"taxonomy":"post_tag","embeddable":true,"href":"https:\/\/rnoticias.com.mx\/Portal\/wp-json\/wp\/v2\/tags?post=232647"}],"curies":[{"name":"wp","href":"https:\/\/api.w.org\/{rel}","templated":true}]}}