{"id":232641,"date":"2025-10-16T20:05:03","date_gmt":"2025-10-17T03:05:03","guid":{"rendered":"https:\/\/rnoticias.com.mx\/Portal\/?p=232641"},"modified":"2025-10-16T20:05:03","modified_gmt":"2025-10-17T03:05:03","slug":"gobierno-de-sonora-lleva-a-cabo-foro-regional-de-consulta-del-t-mec-en-hermosillo","status":"publish","type":"post","link":"https:\/\/rnoticias.com.mx\/Portal\/2025\/10\/16\/gobierno-de-sonora-lleva-a-cabo-foro-regional-de-consulta-del-t-mec-en-hermosillo\/","title":{"rendered":"Gobierno de Sonora lleva a cabo Foro Regional de Consulta del T-MEC en Hermosillo"},"content":{"rendered":"<p>Hermosillo, Sonora; 16 de octubre de 2025.- Con el prop\u00f3sito de generar espacios de di\u00e1logo y colaboraci\u00f3n que fortalezcan la posici\u00f3n nacional de cara a la pr\u00f3xima revisi\u00f3n del Tratado entre M\u00e9xico, Estados Unidos y Canad\u00e1 (T-MEC), el Gobierno de Sonora, a trav\u00e9s de la Secretar\u00eda de Econom\u00eda y Turismo (SETUR), llev\u00f3 a cabo una consulta con sectores estrat\u00e9gicos.<\/p>\n<p>Durante el foro participaron representantes del sector empresarial, sindicatos, organizaciones civiles, sectores minero y hotelero, as\u00ed como instituciones acad\u00e9micas, quienes pudieron externar sus necesidades, opiniones y propuestas para contribuir al desarrollo econ\u00f3mico del estado.<\/p>\n<p>El trabajo y compromiso del gobernador Alfonso Durazo Monta\u00f1o han permitido que Sonora mantenga una relaci\u00f3n estrecha y cercana con el Gobierno de M\u00e9xico, con una coordinaci\u00f3n m\u00e1s \u00e1gil y eficiente, promoviendo el desarrollo econ\u00f3mico de la entidad.<\/p>\n<p>El foro fue encabezado por el secretario de Econom\u00eda y Turismo del Estado, Roberto Gradillas Pineda, acompa\u00f1ado de Natividad Gonz\u00e1lez, coordinadora general del Corredor del Noroeste, y de Carlos Candelaria, titular de la Unidad de Prospectiva, Planeaci\u00f3n y Evaluaci\u00f3n de la Secretar\u00eda de Econom\u00eda federal, quienes destacaron la relevancia de crear espacios de di\u00e1logo efectivos, seguros y comprometidos que reflejen la importancia del trabajo en equipo.<\/p>\n<p>\u201cPor primera vez, los sectores estrat\u00e9gicos de M\u00e9xico tendr\u00e1n la oportunidad de crear oportunidades a partir de sus propias necesidades; por ello, reconozco el trabajo del secretario de Econom\u00eda, Marcelo Ebrard, por coordinar a todo el pa\u00eds durante este ejercicio, y a nuestro gobernador por su visi\u00f3n y liderazgo\u201d, detall\u00f3 Gradillas Pineda.<\/p>\n<p>Durante el mes de octubre, los foros de consulta se llevar\u00e1n a cabo en los 32 estados del pa\u00eds, colocando a Sonora dentro de las primeras diez entidades en reunirse y generar conclusiones que fortalezcan el di\u00e1logo en la pr\u00f3xima revisi\u00f3n del T-MEC.<\/p>\n","protected":false},"excerpt":{"rendered":"<p>Hermosillo, Sonora; 16 de octubre de 2025.- Con el prop\u00f3sito de generar espacios de di\u00e1logo y colaboraci\u00f3n que fortalezcan la posici\u00f3n nacional de cara a la pr\u00f3xima revisi\u00f3n del Tratado entre M\u00e9xico, Estados Unidos y Canad\u00e1 (T-MEC), el Gobierno de Sonora, a trav\u00e9s de la Secretar\u00eda de Econom\u00eda y Turismo (SETUR), llev\u00f3 a cabo una [&hellip;]<\/p>\n","protected":false},"author":2,"featured_media":232642,"comment_status":"closed","ping_status":"closed","sticky":false,"template":"","format":"standard","meta":{"footnotes":""},"categories":[12870,178],"tags":[12865,12869],"class_list":["post-232641","post","type-post","status-publish","format-standard","has-post-thumbnail","hentry","category-destacadas","category-local","tag-destacadas","tag-local"],"jetpack_featured_media_url":"https:\/\/rnoticias.com.mx\/Portal\/wp-content\/uploads\/2025\/10\/unnamed-19-1.jpg","amp_enabled":true,"_links":{"self":[{"href":"https:\/\/rnoticias.com.mx\/Portal\/wp-json\/wp\/v2\/posts\/232641","targetHints":{"allow":["GET"]}}],"collection":[{"href":"https:\/\/rnoticias.com.mx\/Portal\/wp-json\/wp\/v2\/posts"}],"about":[{"href":"https:\/\/rnoticias.com.mx\/Portal\/wp-json\/wp\/v2\/types\/post"}],"author":[{"embeddable":true,"href":"https:\/\/rnoticias.com.mx\/Portal\/wp-json\/wp\/v2\/users\/2"}],"replies":[{"embeddable":true,"href":"https:\/\/rnoticias.com.mx\/Portal\/wp-json\/wp\/v2\/comments?post=232641"}],"version-history":[{"count":1,"href":"https:\/\/rnoticias.com.mx\/Portal\/wp-json\/wp\/v2\/posts\/232641\/revisions"}],"predecessor-version":[{"id":232643,"href":"https:\/\/rnoticias.com.mx\/Portal\/wp-json\/wp\/v2\/posts\/232641\/revisions\/232643"}],"wp:featuredmedia":[{"embeddable":true,"href":"https:\/\/rnoticias.com.mx\/Portal\/wp-json\/wp\/v2\/media\/232642"}],"wp:attachment":[{"href":"https:\/\/rnoticias.com.mx\/Portal\/wp-json\/wp\/v2\/media?parent=232641"}],"wp:term":[{"taxonomy":"category","embeddable":true,"href":"https:\/\/rnoticias.com.mx\/Portal\/wp-json\/wp\/v2\/categories?post=232641"},{"taxonomy":"post_tag","embeddable":true,"href":"https:\/\/rnoticias.com.mx\/Portal\/wp-json\/wp\/v2\/tags?post=232641"}],"curies":[{"name":"wp","href":"https:\/\/api.w.org\/{rel}","templated":true}]}}