{"id":232632,"date":"2025-10-16T20:00:54","date_gmt":"2025-10-17T03:00:54","guid":{"rendered":"https:\/\/rnoticias.com.mx\/Portal\/?p=232632"},"modified":"2025-10-16T20:00:54","modified_gmt":"2025-10-17T03:00:54","slug":"diputada-maria-alicia-gaytan-sanchez-conmemora-72-anos-del-derecho-al-voto-de-las-mujeres-en-mexico","status":"publish","type":"post","link":"https:\/\/rnoticias.com.mx\/Portal\/2025\/10\/16\/diputada-maria-alicia-gaytan-sanchez-conmemora-72-anos-del-derecho-al-voto-de-las-mujeres-en-mexico\/","title":{"rendered":"Diputada Mar\u00eda Alicia Gayt\u00e1n S\u00e1nchez conmemora 72 a\u00f1os del derecho al voto de las mujeres en M\u00e9xico"},"content":{"rendered":"<p>Hermosillo, Sonora; 16 de octubre de 2025.- En sesi\u00f3n ordinaria del Congreso de Sonora, la diputada Mar\u00eda Alicia Gayt\u00e1n S\u00e1nchez emiti\u00f3 un posicionamiento con motivo del 72 aniversario del reconocimiento constitucional del derecho de las mujeres a votar y ser votadas en M\u00e9xico.<\/p>\n<p>En su intervenci\u00f3n, la legisladora hizo un recuento hist\u00f3rico de las m\u00faltiples resistencias que enfrentaron las mujeres mexicanas para acceder a la vida pol\u00edtica del pa\u00eds, destacando la contradicci\u00f3n de que, pese a haber participado activamente en la Revoluci\u00f3n Mexicana, sus derechos pol\u00edticos les fueron negados en la Constituci\u00f3n de 1917.<\/p>\n<p>&#8220;Hoy celebramos un logro irrefutable de las mujeres mexicanas, resultado de d\u00e9cadas de resistencia, organizaci\u00f3n y lucha social. A 72 a\u00f1os de este reconocimiento, no olvidamos que el derecho al voto femenino fue negado por a\u00f1os bajo argumentos profundamente injustos&#8221;, expres\u00f3.<\/p>\n<p>Durante su intervenci\u00f3n, la legisladora record\u00f3 momentos clave de la historia del sufragio femenino en M\u00e9xico, destacando la participaci\u00f3n de mujeres como Hermila Galindo y Edelmira Trejo, as\u00ed como los esfuerzos legislativos de figuras como el presidente L\u00e1zaro C\u00e1rdenas y el presidente Adolfo Ruiz Cortines.<\/p>\n<p>\u201cF\u00e1cil no ha sido, como tampoco ha sido f\u00e1cil conquistar otros derechos. Pero hoy podemos decir con orgullo que las mujeres no solo participan, sino que lideran, proponen, legislan y transforman\u201d, subray\u00f3 Gayt\u00e1n S\u00e1nchez.<\/p>\n<p>La diputada tambi\u00e9n hizo \u00e9nfasis en los avances contempor\u00e1neos en materia de representaci\u00f3n pol\u00edtica de las mujeres, destacando que actualmente hay una presencia significativa de mujeres en los congresos estatales y federales, y que, por primera vez en la historia del pa\u00eds, en 2024 una mujer asumi\u00f3 la presidencia de la Rep\u00fablica.<\/p>\n","protected":false},"excerpt":{"rendered":"<p>Hermosillo, Sonora; 16 de octubre de 2025.- En sesi\u00f3n ordinaria del Congreso de Sonora, la diputada Mar\u00eda Alicia Gayt\u00e1n S\u00e1nchez emiti\u00f3 un posicionamiento con motivo del 72 aniversario del reconocimiento constitucional del derecho de las mujeres a votar y ser votadas en M\u00e9xico. En su intervenci\u00f3n, la legisladora hizo un recuento hist\u00f3rico de las m\u00faltiples [&hellip;]<\/p>\n","protected":false},"author":2,"featured_media":232633,"comment_status":"closed","ping_status":"closed","sticky":false,"template":"","format":"standard","meta":{"footnotes":""},"categories":[12870,12868],"tags":[12865,12879],"class_list":["post-232632","post","type-post","status-publish","format-standard","has-post-thumbnail","hentry","category-destacadas","category-politica","tag-destacadas","tag-politica"],"jetpack_featured_media_url":"https:\/\/rnoticias.com.mx\/Portal\/wp-content\/uploads\/2025\/10\/a0082c86-dfa0-453d-a37a-c1c1e15db52d.jpeg","amp_enabled":true,"_links":{"self":[{"href":"https:\/\/rnoticias.com.mx\/Portal\/wp-json\/wp\/v2\/posts\/232632","targetHints":{"allow":["GET"]}}],"collection":[{"href":"https:\/\/rnoticias.com.mx\/Portal\/wp-json\/wp\/v2\/posts"}],"about":[{"href":"https:\/\/rnoticias.com.mx\/Portal\/wp-json\/wp\/v2\/types\/post"}],"author":[{"embeddable":true,"href":"https:\/\/rnoticias.com.mx\/Portal\/wp-json\/wp\/v2\/users\/2"}],"replies":[{"embeddable":true,"href":"https:\/\/rnoticias.com.mx\/Portal\/wp-json\/wp\/v2\/comments?post=232632"}],"version-history":[{"count":1,"href":"https:\/\/rnoticias.com.mx\/Portal\/wp-json\/wp\/v2\/posts\/232632\/revisions"}],"predecessor-version":[{"id":232634,"href":"https:\/\/rnoticias.com.mx\/Portal\/wp-json\/wp\/v2\/posts\/232632\/revisions\/232634"}],"wp:featuredmedia":[{"embeddable":true,"href":"https:\/\/rnoticias.com.mx\/Portal\/wp-json\/wp\/v2\/media\/232633"}],"wp:attachment":[{"href":"https:\/\/rnoticias.com.mx\/Portal\/wp-json\/wp\/v2\/media?parent=232632"}],"wp:term":[{"taxonomy":"category","embeddable":true,"href":"https:\/\/rnoticias.com.mx\/Portal\/wp-json\/wp\/v2\/categories?post=232632"},{"taxonomy":"post_tag","embeddable":true,"href":"https:\/\/rnoticias.com.mx\/Portal\/wp-json\/wp\/v2\/tags?post=232632"}],"curies":[{"name":"wp","href":"https:\/\/api.w.org\/{rel}","templated":true}]}}