{"id":232611,"date":"2025-10-16T13:05:14","date_gmt":"2025-10-16T20:05:14","guid":{"rendered":"https:\/\/rnoticias.com.mx\/Portal\/?p=232611"},"modified":"2025-10-16T13:05:14","modified_gmt":"2025-10-16T20:05:14","slug":"seis-sonorenses-estaran-en-los-juegos-panamericanos-juveniles","status":"publish","type":"post","link":"https:\/\/rnoticias.com.mx\/Portal\/2025\/10\/16\/seis-sonorenses-estaran-en-los-juegos-panamericanos-juveniles\/","title":{"rendered":"Seis sonorenses estar\u00e1n en los Juegos Panamericanos Juveniles"},"content":{"rendered":"<p>Hermosillo, Sonora, 16 de octubre del 2025.- Un total de seis paratletas sonorenses representar\u00e1n a M\u00e9xico en la sexta edici\u00f3n de los Juegos Parapanamericanos Juveniles Santiago 2025, a celebrarse del 31 de octubre al 9 de noviembre en la capital chilena.<\/p>\n<p>Dos de ellos ser\u00e1n integrantes del equipo de boccia: Luzdana Paredes Samaniego y Sebasti\u00e1n Soqui Herrera; asimismo, otro par de sonorenses jugar\u00e1n con la selecci\u00f3n de golbol: Jos\u00e9 Ricardo Beltr\u00e1n N\u00fa\u00f1ez y Sebasti\u00e1n Le\u00f3n Mungu\u00eda; adem\u00e1s competir\u00e1n, Jes\u00fas Eduardo Salas Graciano, en paratletismo (bala y clava); y Alma Portillo, en volibol sentado.<\/p>\n<p>Los seis paratletas acaban de brillar en la pasada Paralimpiada Nacional Aguascalientes 2025, ya que cinco de ellos lograron subirse al podio en ese certamen que concluy\u00f3 el fin de semana pasado en la capital hidroc\u00e1lida,<\/p>\n<p>En el caso de Paredes Samaniego (BC1) y Soqui Herrera (BC4), ambos consiguieron medallas: Luzdana gan\u00f3 dos de oro, una en Individual y la otra en Equipos, mientras que Sebasti\u00e1n obtuvo bronce de manera personal.<\/p>\n<p>Por su parte, el lanzador Salas Graciano (F31 en la Juvenil Mayor), consigui\u00f3 un par de metales: plata en impulso de bala y bronce en la clava, en tanto que la dupla de Beltr\u00e1n N\u00fa\u00f1ez y Le\u00f3n Mungu\u00eda, lideraron al equipo de Sonora a llevarse el bronce en la categor\u00eda Juvenil Mayor de golbol.<\/p>\n<p>Cabe destacar que Alma Miranda Portillo Salcido (F55\/56\/57 de la Juvenil Mayor), quien estar\u00e1 en la selecci\u00f3n nacional de volibol sentado femenil, vio acci\u00f3n en la Paralimpiada Nacional Aguascalientes 2025, en paratletismo, en donde finaliz\u00f3 en la sexta posici\u00f3n en la prueba de impulso de bala.<\/p>\n<p>La delegaci\u00f3n azteca la conformar\u00e1n 147 paratletas -91 varones y 56 mujeres- repartidos en once disciplinas: paratletismo, baloncesto sobre silla de ruedas, boccia, balompi\u00e9 para ciegos, futbol par\u00e1lisis cerebral, golbol, paranataci\u00f3n, powerlifting, paratenis de mesa, para tiro con arco y volibol sentado.<\/p>\n<p>Sonorenses en JPPJ 2025<\/p>\n<p>&#8211; Jes\u00fas Eduardo Salas Graciano, paratletismo<\/p>\n<p>&#8211; Sebasti\u00e1n Soqui Herrera, boccia<\/p>\n<p>&#8211; Luzdana Paredes Samaniego, boccia<\/p>\n<p>&#8211; Jos\u00e9 Ricardo Beltr\u00e1n N\u00fa\u00f1ez, golbol<\/p>\n<p>&#8211; Sebasti\u00e1n Le\u00f3n Mungu\u00eda, golbol<\/p>\n<p>&#8211; Alma Miranda Portillo Salcido, volibol sentado<\/p>\n","protected":false},"excerpt":{"rendered":"<p>Hermosillo, Sonora, 16 de octubre del 2025.- Un total de seis paratletas sonorenses representar\u00e1n a M\u00e9xico en la sexta edici\u00f3n de los Juegos Parapanamericanos Juveniles Santiago 2025, a celebrarse del 31 de octubre al 9 de noviembre en la capital chilena. Dos de ellos ser\u00e1n integrantes del equipo de boccia: Luzdana Paredes Samaniego y Sebasti\u00e1n [&hellip;]<\/p>\n","protected":false},"author":2,"featured_media":232612,"comment_status":"closed","ping_status":"closed","sticky":false,"template":"","format":"standard","meta":{"footnotes":""},"categories":[188,12870],"tags":[5231,12865],"class_list":["post-232611","post","type-post","status-publish","format-standard","has-post-thumbnail","hentry","category-deportes","category-destacadas","tag-deportes","tag-destacadas"],"jetpack_featured_media_url":"https:\/\/rnoticias.com.mx\/Portal\/wp-content\/uploads\/2025\/10\/unnamed-43.jpg","amp_enabled":true,"_links":{"self":[{"href":"https:\/\/rnoticias.com.mx\/Portal\/wp-json\/wp\/v2\/posts\/232611","targetHints":{"allow":["GET"]}}],"collection":[{"href":"https:\/\/rnoticias.com.mx\/Portal\/wp-json\/wp\/v2\/posts"}],"about":[{"href":"https:\/\/rnoticias.com.mx\/Portal\/wp-json\/wp\/v2\/types\/post"}],"author":[{"embeddable":true,"href":"https:\/\/rnoticias.com.mx\/Portal\/wp-json\/wp\/v2\/users\/2"}],"replies":[{"embeddable":true,"href":"https:\/\/rnoticias.com.mx\/Portal\/wp-json\/wp\/v2\/comments?post=232611"}],"version-history":[{"count":1,"href":"https:\/\/rnoticias.com.mx\/Portal\/wp-json\/wp\/v2\/posts\/232611\/revisions"}],"predecessor-version":[{"id":232613,"href":"https:\/\/rnoticias.com.mx\/Portal\/wp-json\/wp\/v2\/posts\/232611\/revisions\/232613"}],"wp:featuredmedia":[{"embeddable":true,"href":"https:\/\/rnoticias.com.mx\/Portal\/wp-json\/wp\/v2\/media\/232612"}],"wp:attachment":[{"href":"https:\/\/rnoticias.com.mx\/Portal\/wp-json\/wp\/v2\/media?parent=232611"}],"wp:term":[{"taxonomy":"category","embeddable":true,"href":"https:\/\/rnoticias.com.mx\/Portal\/wp-json\/wp\/v2\/categories?post=232611"},{"taxonomy":"post_tag","embeddable":true,"href":"https:\/\/rnoticias.com.mx\/Portal\/wp-json\/wp\/v2\/tags?post=232611"}],"curies":[{"name":"wp","href":"https:\/\/api.w.org\/{rel}","templated":true}]}}