{"id":232599,"date":"2025-10-16T10:56:30","date_gmt":"2025-10-16T17:56:30","guid":{"rendered":"https:\/\/rnoticias.com.mx\/Portal\/?p=232599"},"modified":"2025-10-16T10:56:30","modified_gmt":"2025-10-16T17:56:30","slug":"impulsa-gobierno-municipal-mercado-energetico-encuentro-de-negocios-b2b","status":"publish","type":"post","link":"https:\/\/rnoticias.com.mx\/Portal\/2025\/10\/16\/impulsa-gobierno-municipal-mercado-energetico-encuentro-de-negocios-b2b\/","title":{"rendered":"Impulsa Gobierno Municipal Mercado Energ\u00e9tico: Encuentro de Negocios B2B"},"content":{"rendered":"<p>Hermosillo, Sonora; 15 de octubre de 2025.-Como parte de las actividades del Foro Mundial de Energ\u00eda Solar, el Gobierno Municipal que encabeza Antonio Astiazar\u00e1n impuls\u00f3 el Mercado Energ\u00e9tico: Encuentro de Negocios B2B, espacio dise\u00f1ado para conectar a empresas proveedoras con compradoras del sector energ\u00e9tico.<\/p>\n<p>La directora de la Agencia Municipal de Energ\u00eda y Cambio Clim\u00e1tico (AMECC), Carla Neudert C\u00f3rdova, inaugur\u00f3 formalmente la jornada organizada por el Cl\u00faster de Energ\u00eda Sonora, la cual tuvo una duraci\u00f3n de tres horas y reuni\u00f3 a 15 empresas compradoras.<\/p>\n<p>\u201cEs un encuentro de negocios lo que se le llama Bussines To Bussines (B2B) esta parte del evento lo organiza prioritariamente el Cl\u00faster de Energ\u00eda entre empresas que asisten al Foro y se espera que aqu\u00ed salgan negocios de empresas locales con visitantes tambi\u00e9n que nos est\u00e1n acompa\u00f1ando\u201d, agreg\u00f3.<\/p>\n<p>Fernando Rodr\u00edguez, director general del Cl\u00faster de Energ\u00eda Sonora, plataforma que cuenta con m\u00e1s de 100 miembros subray\u00f3 la relevancia de este tipo de encuentros para fortalecer la proveedur\u00eda en el sector.<\/p>\n<p>\u201cEs super amplio el tema de proveedur\u00eda energ\u00e9tica, pero hablamos desde aquellos que ofrecen material de equipo el\u00e9ctrico, venta e instalaci\u00f3n de paneles solares, consultor\u00eda para eficiencia energ\u00e9tica, programas de reducci\u00f3n de costos de energ\u00eda, combustibles, gas natural, es decir todas las soluciones, tanto electricidad como de hidrocarburos las pueden encontrar aqu\u00ed\u201d, agreg\u00f3.<\/p>\n<p>La jornada cont\u00f3 con la presencia de Oscar Gast\u00e9lum Donnadieu, director general de la Agencia Municipal de Desarrollo Econ\u00f3mico (AMDE), dependencia que brind\u00f3 apoyo en la realizaci\u00f3n de dicho evento.<\/p>\n","protected":false},"excerpt":{"rendered":"<p>Hermosillo, Sonora; 15 de octubre de 2025.-Como parte de las actividades del Foro Mundial de Energ\u00eda Solar, el Gobierno Municipal que encabeza Antonio Astiazar\u00e1n impuls\u00f3 el Mercado Energ\u00e9tico: Encuentro de Negocios B2B, espacio dise\u00f1ado para conectar a empresas proveedoras con compradoras del sector energ\u00e9tico. La directora de la Agencia Municipal de Energ\u00eda y Cambio Clim\u00e1tico [&hellip;]<\/p>\n","protected":false},"author":2,"featured_media":232600,"comment_status":"closed","ping_status":"closed","sticky":false,"template":"","format":"standard","meta":{"footnotes":""},"categories":[12870,178],"tags":[12865,12869],"class_list":["post-232599","post","type-post","status-publish","format-standard","has-post-thumbnail","hentry","category-destacadas","category-local","tag-destacadas","tag-local"],"jetpack_featured_media_url":"https:\/\/rnoticias.com.mx\/Portal\/wp-content\/uploads\/2025\/10\/14.jpeg","amp_enabled":true,"_links":{"self":[{"href":"https:\/\/rnoticias.com.mx\/Portal\/wp-json\/wp\/v2\/posts\/232599","targetHints":{"allow":["GET"]}}],"collection":[{"href":"https:\/\/rnoticias.com.mx\/Portal\/wp-json\/wp\/v2\/posts"}],"about":[{"href":"https:\/\/rnoticias.com.mx\/Portal\/wp-json\/wp\/v2\/types\/post"}],"author":[{"embeddable":true,"href":"https:\/\/rnoticias.com.mx\/Portal\/wp-json\/wp\/v2\/users\/2"}],"replies":[{"embeddable":true,"href":"https:\/\/rnoticias.com.mx\/Portal\/wp-json\/wp\/v2\/comments?post=232599"}],"version-history":[{"count":1,"href":"https:\/\/rnoticias.com.mx\/Portal\/wp-json\/wp\/v2\/posts\/232599\/revisions"}],"predecessor-version":[{"id":232601,"href":"https:\/\/rnoticias.com.mx\/Portal\/wp-json\/wp\/v2\/posts\/232599\/revisions\/232601"}],"wp:featuredmedia":[{"embeddable":true,"href":"https:\/\/rnoticias.com.mx\/Portal\/wp-json\/wp\/v2\/media\/232600"}],"wp:attachment":[{"href":"https:\/\/rnoticias.com.mx\/Portal\/wp-json\/wp\/v2\/media?parent=232599"}],"wp:term":[{"taxonomy":"category","embeddable":true,"href":"https:\/\/rnoticias.com.mx\/Portal\/wp-json\/wp\/v2\/categories?post=232599"},{"taxonomy":"post_tag","embeddable":true,"href":"https:\/\/rnoticias.com.mx\/Portal\/wp-json\/wp\/v2\/tags?post=232599"}],"curies":[{"name":"wp","href":"https:\/\/api.w.org\/{rel}","templated":true}]}}