{"id":232574,"date":"2025-10-16T09:29:11","date_gmt":"2025-10-16T16:29:11","guid":{"rendered":"https:\/\/rnoticias.com.mx\/Portal\/?p=232574"},"modified":"2025-10-16T09:29:11","modified_gmt":"2025-10-16T16:29:11","slug":"realiza-congreso-de-sonora-primer-foro-sobre-la-iniciativa-de-ley-de-coordinacion-fiscal","status":"publish","type":"post","link":"https:\/\/rnoticias.com.mx\/Portal\/2025\/10\/16\/realiza-congreso-de-sonora-primer-foro-sobre-la-iniciativa-de-ley-de-coordinacion-fiscal\/","title":{"rendered":"Realiza Congreso de Sonora primer foro sobre la iniciativa de Ley de Coordinaci\u00f3n Fiscal"},"content":{"rendered":"<p>Hermosillo, Sonora; 16 de octubre de 2025.- El Congreso del Estado de Sonora llev\u00f3 a cabo el primer foro de consulta ciudadana sobre el proyecto de Ley de Coordinaci\u00f3n Fiscal del Estado, con el prop\u00f3sito de analizar y enriquecer esta propuesta que busca fortalecer las finanzas municipales.<\/p>\n<p>El diputado Juan Pablo Arenivar Mart\u00ednez (PAN), encabez\u00f3 los trabajos del foro, acompa\u00f1ado por las diputadas Rebeca Silva Gallardo (NAS), y Deni Gast\u00e9lum Barreras (Morena).<\/p>\n<p>Durante su intervenci\u00f3n, el legislador explic\u00f3 que a trav\u00e9s de esta legislaci\u00f3n, se busca que los municipios de la entidad cuenten con una distribuci\u00f3n m\u00e1s justa, equitativa y eficiente de los recursos federales y estatales, de manera que se fortalezcan las haciendas locales y se promueva el desarrollo local.<\/p>\n<p>Se\u00f1al\u00f3 que actualmente la entidad no cuenta con una ley en la materia. Por ello, destac\u00f3 la importancia de fortalecer la autonom\u00eda y las finanzas de los ayuntamientos, garantizando que cuenten con los fondos necesarios para cumplir con servicios esenciales y responsabilidades constitucionales.<\/p>\n<p>El foro cont\u00f3 con la participaci\u00f3n de representantes de la Secretar\u00eda de Econom\u00eda y Turismo, Instituto Superior de Auditor\u00eda y Fiscalizaci\u00f3n (ISAF), Secretar\u00eda de Gobierno, del Centro Estatal de Desarrollo Municipal (Cedemun), Colegio de Abogados, as\u00ed como de la organizaci\u00f3n Hermosillo, \u00bfC\u00f3mo Vamos?<\/p>\n<p>Durante el ejercicio de an\u00e1lisis, las y los participantes coincidieron en la necesidad de que la entidad cuente con un marco normativo para garantizar una distribuci\u00f3n de recursos m\u00e1s equitativa, adem\u00e1s de impulsar una mayor rendici\u00f3n de cuentas.<\/p>\n<p>Finalmente, el legislador reiter\u00f3 que este foro representa el inicio de una serie de consultas con el objetivo de escuchar distintas voces.<\/p>\n","protected":false},"excerpt":{"rendered":"<p>Hermosillo, Sonora; 16 de octubre de 2025.- El Congreso del Estado de Sonora llev\u00f3 a cabo el primer foro de consulta ciudadana sobre el proyecto de Ley de Coordinaci\u00f3n Fiscal del Estado, con el prop\u00f3sito de analizar y enriquecer esta propuesta que busca fortalecer las finanzas municipales. El diputado Juan Pablo Arenivar Mart\u00ednez (PAN), encabez\u00f3 [&hellip;]<\/p>\n","protected":false},"author":2,"featured_media":232575,"comment_status":"closed","ping_status":"closed","sticky":false,"template":"","format":"standard","meta":{"footnotes":""},"categories":[12870,12868],"tags":[12865,12879],"class_list":["post-232574","post","type-post","status-publish","format-standard","has-post-thumbnail","hentry","category-destacadas","category-politica","tag-destacadas","tag-politica"],"jetpack_featured_media_url":"https:\/\/rnoticias.com.mx\/Portal\/wp-content\/uploads\/2025\/10\/efa34f45-6126-45b8-8f42-ac40166c39e4.jpeg","amp_enabled":true,"_links":{"self":[{"href":"https:\/\/rnoticias.com.mx\/Portal\/wp-json\/wp\/v2\/posts\/232574","targetHints":{"allow":["GET"]}}],"collection":[{"href":"https:\/\/rnoticias.com.mx\/Portal\/wp-json\/wp\/v2\/posts"}],"about":[{"href":"https:\/\/rnoticias.com.mx\/Portal\/wp-json\/wp\/v2\/types\/post"}],"author":[{"embeddable":true,"href":"https:\/\/rnoticias.com.mx\/Portal\/wp-json\/wp\/v2\/users\/2"}],"replies":[{"embeddable":true,"href":"https:\/\/rnoticias.com.mx\/Portal\/wp-json\/wp\/v2\/comments?post=232574"}],"version-history":[{"count":1,"href":"https:\/\/rnoticias.com.mx\/Portal\/wp-json\/wp\/v2\/posts\/232574\/revisions"}],"predecessor-version":[{"id":232576,"href":"https:\/\/rnoticias.com.mx\/Portal\/wp-json\/wp\/v2\/posts\/232574\/revisions\/232576"}],"wp:featuredmedia":[{"embeddable":true,"href":"https:\/\/rnoticias.com.mx\/Portal\/wp-json\/wp\/v2\/media\/232575"}],"wp:attachment":[{"href":"https:\/\/rnoticias.com.mx\/Portal\/wp-json\/wp\/v2\/media?parent=232574"}],"wp:term":[{"taxonomy":"category","embeddable":true,"href":"https:\/\/rnoticias.com.mx\/Portal\/wp-json\/wp\/v2\/categories?post=232574"},{"taxonomy":"post_tag","embeddable":true,"href":"https:\/\/rnoticias.com.mx\/Portal\/wp-json\/wp\/v2\/tags?post=232574"}],"curies":[{"name":"wp","href":"https:\/\/api.w.org\/{rel}","templated":true}]}}