{"id":232571,"date":"2025-10-16T09:25:48","date_gmt":"2025-10-16T16:25:48","guid":{"rendered":"https:\/\/rnoticias.com.mx\/Portal\/?p=232571"},"modified":"2025-10-16T09:25:48","modified_gmt":"2025-10-16T16:25:48","slug":"nodal-responde-a-las-declaraciones-de-cazzu-sobre-la-manutencion-y-convivencia-con-su-hija","status":"publish","type":"post","link":"https:\/\/rnoticias.com.mx\/Portal\/2025\/10\/16\/nodal-responde-a-las-declaraciones-de-cazzu-sobre-la-manutencion-y-convivencia-con-su-hija\/","title":{"rendered":"Nodal responde a las declaraciones de Cazzu sobre la manutenci\u00f3n y convivencia con su hija"},"content":{"rendered":"<p><strong>Christian Nodal\u00a0ha decidido responder de forma legal a las declaraciones de\u00a0Cazzu con relaci\u00f3n a la manutenci\u00f3n<\/strong>, los permisos para viajar y la convivencia que el\u00a0cantante tendr\u00eda con su hija en com\u00fan, Inti.<\/p>\n<p>Seg\u00fan comunicado emitido por el abogado\u00a0C\u00e9sar Mu\u00f1oz,\u00a0<strong>representante legal del se\u00f1or\u00a0Christian Jes\u00fas Gonz\u00e1lez Nodal,\u00a0<\/strong>el int\u00e9rprete ha querido dejar claros algunos puntos que se han dicho sobre su vida personal en meses recientes.<\/p>\n<p>En representaci\u00f3n de Christian Jes\u00fas Gonz\u00e1lez Nodal, y ante las recientes declaraciones en medios sobre su hija menor I.G.N.C., se aclara lo siguiente:\u00a0<strong>A pesar de que no existe un acuerdo mutuo entre las partes, y de que la madre de su peque\u00f1a hija, de dos a\u00f1os, ha manifestado p\u00fablicamente su inconformidad,\u00a0Christian Jes\u00fas Gonz\u00e1lez Nodal ha cumplido de manera formal y documentada con todas sus obligaciones econ\u00f3micas, aportando mucho m\u00e1s de lo exigido por la Ley Argentina,<\/strong>\u00a0mediante sumas que ascienden a m\u00faltiples millones de pesos mexicanos, plenamente respaldadas con comprobantes oficiales.<strong>\u00a0Cualquier versi\u00f3n contraria es falsa,\u00a0y su difusi\u00f3n solo perjudica emocionalmente a la peque\u00f1a hija de mi representado, quien merece estar alejada de toda controversia medi\u00e1tica&#8217;.<\/strong><\/p>\n<p>Sobre el tema de los permisos para la ni\u00f1a, se puede leer<strong>: &#8216;En cuanto a los viajes internacionales,\u00a0es falso que los permisos hayan sido &#8220;unilaterales&#8221;, Christian Jes\u00fas Gonz\u00e1lez Nodal NUNCA se ha negado a otorgarlos,<\/strong>\u00a0incluso cuando las solicitudes se han hecho sin la anticipaci\u00f3n debida.<\/p>\n<p>Por otro lado, la madre de la peque\u00f1a ha hablado p\u00fablicamente sobre una de las mediaciones que se llev\u00f3 a cabo en los \u00faltimos meses. Estos son procesos de car\u00e1cter confidencial y protegidos por la Ley Argentina, y su divulgaci\u00f3n p\u00fablica constituye una falta que vulnera la naturaleza del procedimiento&#8217;.<\/p>\n<p>&nbsp;<\/p>\n<p>Fuente: El Universal<\/p>\n","protected":false},"excerpt":{"rendered":"<p>Christian Nodal\u00a0ha decidido responder de forma legal a las declaraciones de\u00a0Cazzu con relaci\u00f3n a la manutenci\u00f3n, los permisos para viajar y la convivencia que el\u00a0cantante tendr\u00eda con su hija en com\u00fan, Inti. Seg\u00fan comunicado emitido por el abogado\u00a0C\u00e9sar Mu\u00f1oz,\u00a0representante legal del se\u00f1or\u00a0Christian Jes\u00fas Gonz\u00e1lez Nodal,\u00a0el int\u00e9rprete ha querido dejar claros algunos puntos que se han [&hellip;]<\/p>\n","protected":false},"author":2,"featured_media":232572,"comment_status":"closed","ping_status":"closed","sticky":false,"template":"","format":"standard","meta":{"footnotes":""},"categories":[12870,219],"tags":[12865,12875],"class_list":["post-232571","post","type-post","status-publish","format-standard","has-post-thumbnail","hentry","category-destacadas","category-espectaculos","tag-destacadas","tag-espectaculos"],"jetpack_featured_media_url":"https:\/\/rnoticias.com.mx\/Portal\/wp-content\/uploads\/2025\/10\/ca18a5b693350c8d56c02816c5871374.webp","amp_enabled":true,"_links":{"self":[{"href":"https:\/\/rnoticias.com.mx\/Portal\/wp-json\/wp\/v2\/posts\/232571","targetHints":{"allow":["GET"]}}],"collection":[{"href":"https:\/\/rnoticias.com.mx\/Portal\/wp-json\/wp\/v2\/posts"}],"about":[{"href":"https:\/\/rnoticias.com.mx\/Portal\/wp-json\/wp\/v2\/types\/post"}],"author":[{"embeddable":true,"href":"https:\/\/rnoticias.com.mx\/Portal\/wp-json\/wp\/v2\/users\/2"}],"replies":[{"embeddable":true,"href":"https:\/\/rnoticias.com.mx\/Portal\/wp-json\/wp\/v2\/comments?post=232571"}],"version-history":[{"count":1,"href":"https:\/\/rnoticias.com.mx\/Portal\/wp-json\/wp\/v2\/posts\/232571\/revisions"}],"predecessor-version":[{"id":232573,"href":"https:\/\/rnoticias.com.mx\/Portal\/wp-json\/wp\/v2\/posts\/232571\/revisions\/232573"}],"wp:featuredmedia":[{"embeddable":true,"href":"https:\/\/rnoticias.com.mx\/Portal\/wp-json\/wp\/v2\/media\/232572"}],"wp:attachment":[{"href":"https:\/\/rnoticias.com.mx\/Portal\/wp-json\/wp\/v2\/media?parent=232571"}],"wp:term":[{"taxonomy":"category","embeddable":true,"href":"https:\/\/rnoticias.com.mx\/Portal\/wp-json\/wp\/v2\/categories?post=232571"},{"taxonomy":"post_tag","embeddable":true,"href":"https:\/\/rnoticias.com.mx\/Portal\/wp-json\/wp\/v2\/tags?post=232571"}],"curies":[{"name":"wp","href":"https:\/\/api.w.org\/{rel}","templated":true}]}}