{"id":232568,"date":"2025-10-16T09:23:50","date_gmt":"2025-10-16T16:23:50","guid":{"rendered":"https:\/\/rnoticias.com.mx\/Portal\/?p=232568"},"modified":"2025-10-16T09:23:50","modified_gmt":"2025-10-16T16:23:50","slug":"avalan-en-lo-particular-medidas-contra-factureras-sat-tendra-acceso-a-plataformas","status":"publish","type":"post","link":"https:\/\/rnoticias.com.mx\/Portal\/2025\/10\/16\/avalan-en-lo-particular-medidas-contra-factureras-sat-tendra-acceso-a-plataformas\/","title":{"rendered":"Avalan en lo particular medidas contra factureras; SAT tendr\u00e1 acceso a plataformas"},"content":{"rendered":"<p>El\u00a0<strong>pleno de la C\u00e1mara de Diputados<\/strong>\u00a0aprob\u00f3 este jueves en lo particular el dictamen de reforma al\u00a0<strong>C\u00f3digo Fiscal de la Federaci\u00f3n<\/strong>\u00a0(CFF) con la que se busca reforzar el combate a las \u201c<strong>factureras<\/strong>\u201d, otorgando mayores facultades al fisco.<\/p>\n<p>Tras ser avalado en lo general ayer mi\u00e9rcoles, el dictamen fue turnado al\u00a0<strong>Senado de la Rep\u00fablica<\/strong>. La reforma al CFF busca ajustar dicho C\u00f3digo con el\u00a0<strong>art\u00edculo 19 de la Constituci\u00f3n<\/strong>\u00a0para que se pueda aplicar\u00a0<strong>prisi\u00f3n preventiva oficiosa<\/strong>\u00a0a las personas vinculadas a proceso por cualquier actividad relacionada con\u00a0<strong>falsos comprobantes fiscales<\/strong>.<\/p>\n<p>Se prev\u00e9 establecer que un comprobante fiscal es falso cuando \u00e9ste no ampare operaciones efectivamente existentes o actos jur\u00eddicos reales y se faculta a la\u00a0<strong>autoridad fiscal<\/strong>\u00a0a que presente querellas contra los\u00a0<strong>contribuyentes<\/strong>\u00a0que emitan esos falsos comprobantes.<\/p>\n<p>Adem\u00e1s, se adicion\u00f3 otra reserva para permitir de forma permanente que el\u00a0<strong>Servicio de Administraci\u00f3n Tributaria<\/strong>\u00a0(SAT) tenga acceso en l\u00ednea y en tiempo real a la informaci\u00f3n de usuarios en las\u00a0<strong>plataformas digitales<\/strong>\u00a0que est\u00e9 relacionada con las operaciones de los servicios digitales que proporcionen, y de no cumplir, dichas plataformas ser\u00e1n bloqueadas.<\/p>\n<p>&nbsp;<\/p>\n<p>Fuente: el economista<\/p>\n","protected":false},"excerpt":{"rendered":"<p>El\u00a0pleno de la C\u00e1mara de Diputados\u00a0aprob\u00f3 este jueves en lo particular el dictamen de reforma al\u00a0C\u00f3digo Fiscal de la Federaci\u00f3n\u00a0(CFF) con la que se busca reforzar el combate a las \u201cfactureras\u201d, otorgando mayores facultades al fisco. Tras ser avalado en lo general ayer mi\u00e9rcoles, el dictamen fue turnado al\u00a0Senado de la Rep\u00fablica. La reforma al [&hellip;]<\/p>\n","protected":false},"author":2,"featured_media":232569,"comment_status":"closed","ping_status":"closed","sticky":false,"template":"","format":"standard","meta":{"footnotes":""},"categories":[12870,172],"tags":[12865,12874],"class_list":["post-232568","post","type-post","status-publish","format-standard","has-post-thumbnail","hentry","category-destacadas","category-nacional","tag-destacadas","tag-nacional"],"jetpack_featured_media_url":"https:\/\/rnoticias.com.mx\/Portal\/wp-content\/uploads\/2025\/10\/Camara_Diputados_pleno_Codigo_Fiscal_Federacion_2026.jpeg","amp_enabled":true,"_links":{"self":[{"href":"https:\/\/rnoticias.com.mx\/Portal\/wp-json\/wp\/v2\/posts\/232568","targetHints":{"allow":["GET"]}}],"collection":[{"href":"https:\/\/rnoticias.com.mx\/Portal\/wp-json\/wp\/v2\/posts"}],"about":[{"href":"https:\/\/rnoticias.com.mx\/Portal\/wp-json\/wp\/v2\/types\/post"}],"author":[{"embeddable":true,"href":"https:\/\/rnoticias.com.mx\/Portal\/wp-json\/wp\/v2\/users\/2"}],"replies":[{"embeddable":true,"href":"https:\/\/rnoticias.com.mx\/Portal\/wp-json\/wp\/v2\/comments?post=232568"}],"version-history":[{"count":1,"href":"https:\/\/rnoticias.com.mx\/Portal\/wp-json\/wp\/v2\/posts\/232568\/revisions"}],"predecessor-version":[{"id":232570,"href":"https:\/\/rnoticias.com.mx\/Portal\/wp-json\/wp\/v2\/posts\/232568\/revisions\/232570"}],"wp:featuredmedia":[{"embeddable":true,"href":"https:\/\/rnoticias.com.mx\/Portal\/wp-json\/wp\/v2\/media\/232569"}],"wp:attachment":[{"href":"https:\/\/rnoticias.com.mx\/Portal\/wp-json\/wp\/v2\/media?parent=232568"}],"wp:term":[{"taxonomy":"category","embeddable":true,"href":"https:\/\/rnoticias.com.mx\/Portal\/wp-json\/wp\/v2\/categories?post=232568"},{"taxonomy":"post_tag","embeddable":true,"href":"https:\/\/rnoticias.com.mx\/Portal\/wp-json\/wp\/v2\/tags?post=232568"}],"curies":[{"name":"wp","href":"https:\/\/api.w.org\/{rel}","templated":true}]}}