{"id":232565,"date":"2025-10-16T09:23:00","date_gmt":"2025-10-16T16:23:00","guid":{"rendered":"https:\/\/rnoticias.com.mx\/Portal\/?p=232565"},"modified":"2025-10-16T09:23:00","modified_gmt":"2025-10-16T16:23:00","slug":"atacan-a-balazos-a-richard-millan-alcalde-de-elota-sinaloa","status":"publish","type":"post","link":"https:\/\/rnoticias.com.mx\/Portal\/2025\/10\/16\/atacan-a-balazos-a-richard-millan-alcalde-de-elota-sinaloa\/","title":{"rendered":"Atacan a balazos a Richard Mill\u00e1n, alcalde de Elota, Sinaloa"},"content":{"rendered":"<p><strong>Richard Mill\u00e1n V\u00e1zquez, presidente municipal de\u00a0Elota, Sinaloa, fue atacado a balazos cuando regresaba de Culiac\u00e1n a su alcald\u00eda la tarde-noche de este mi\u00e9rcoles 15 de octubre.<\/strong><\/p>\n<p>Se report\u00f3 que el presidente municipal result\u00f3 ileso porque su camioneta est\u00e1\u00a0blindaba, lo que impidi\u00f3 que las balas atravesaran los cristales.<\/p>\n<p>Estos hechos ocurrieron a la altura del kil\u00f3metro 130 de la autopista\u00a0Culiac\u00e1n-Mazatl\u00e1n,<strong>\u00a0luego de que\u00a0Mill\u00e1n V\u00e1zquez\u00a0hab\u00eda tenido una audiencia con el secretario general de Gobierno,\u00a0Feliciano Castro Mel\u00e9ndrez\u00a0en palacio de Gobierno.<\/strong><\/p>\n<p>Seg\u00fan al reporte inicial de la Polic\u00eda Estatal, el alcalde fue interceptado en su unidad por un\u00a0grupo armado que dispar\u00f3\u00a0a la camioneta, que est\u00e1 rotulada con el escudo del municipio de Elota.<\/p>\n<p><strong>El reporte no menciona si el alcalde viajaba solo o con algunos colaboradores.<\/strong><\/p>\n<p>Por su parte, elementos de las tres fuerzas de seguridad acudieron al sitio del ataque y desplegaron un operativo para resguardar al alcalde.<\/p>\n<p>&nbsp;<\/p>\n<p>Fuente: Milenio<\/p>\n","protected":false},"excerpt":{"rendered":"<p>Richard Mill\u00e1n V\u00e1zquez, presidente municipal de\u00a0Elota, Sinaloa, fue atacado a balazos cuando regresaba de Culiac\u00e1n a su alcald\u00eda la tarde-noche de este mi\u00e9rcoles 15 de octubre. Se report\u00f3 que el presidente municipal result\u00f3 ileso porque su camioneta est\u00e1\u00a0blindaba, lo que impidi\u00f3 que las balas atravesaran los cristales. Estos hechos ocurrieron a la altura del kil\u00f3metro [&hellip;]<\/p>\n","protected":false},"author":2,"featured_media":232566,"comment_status":"closed","ping_status":"closed","sticky":false,"template":"","format":"standard","meta":{"footnotes":""},"categories":[12870,172],"tags":[12865,12874],"class_list":["post-232565","post","type-post","status-publish","format-standard","has-post-thumbnail","hentry","category-destacadas","category-nacional","tag-destacadas","tag-nacional"],"jetpack_featured_media_url":"https:\/\/rnoticias.com.mx\/Portal\/wp-content\/uploads\/2025\/10\/atacan-balazos-quien-es-alcalde-elota-richard-millan-ya.jpg","amp_enabled":true,"_links":{"self":[{"href":"https:\/\/rnoticias.com.mx\/Portal\/wp-json\/wp\/v2\/posts\/232565","targetHints":{"allow":["GET"]}}],"collection":[{"href":"https:\/\/rnoticias.com.mx\/Portal\/wp-json\/wp\/v2\/posts"}],"about":[{"href":"https:\/\/rnoticias.com.mx\/Portal\/wp-json\/wp\/v2\/types\/post"}],"author":[{"embeddable":true,"href":"https:\/\/rnoticias.com.mx\/Portal\/wp-json\/wp\/v2\/users\/2"}],"replies":[{"embeddable":true,"href":"https:\/\/rnoticias.com.mx\/Portal\/wp-json\/wp\/v2\/comments?post=232565"}],"version-history":[{"count":1,"href":"https:\/\/rnoticias.com.mx\/Portal\/wp-json\/wp\/v2\/posts\/232565\/revisions"}],"predecessor-version":[{"id":232567,"href":"https:\/\/rnoticias.com.mx\/Portal\/wp-json\/wp\/v2\/posts\/232565\/revisions\/232567"}],"wp:featuredmedia":[{"embeddable":true,"href":"https:\/\/rnoticias.com.mx\/Portal\/wp-json\/wp\/v2\/media\/232566"}],"wp:attachment":[{"href":"https:\/\/rnoticias.com.mx\/Portal\/wp-json\/wp\/v2\/media?parent=232565"}],"wp:term":[{"taxonomy":"category","embeddable":true,"href":"https:\/\/rnoticias.com.mx\/Portal\/wp-json\/wp\/v2\/categories?post=232565"},{"taxonomy":"post_tag","embeddable":true,"href":"https:\/\/rnoticias.com.mx\/Portal\/wp-json\/wp\/v2\/tags?post=232565"}],"curies":[{"name":"wp","href":"https:\/\/api.w.org\/{rel}","templated":true}]}}