{"id":232559,"date":"2025-10-16T09:20:15","date_gmt":"2025-10-16T16:20:15","guid":{"rendered":"https:\/\/rnoticias.com.mx\/Portal\/?p=232559"},"modified":"2025-10-16T09:20:15","modified_gmt":"2025-10-16T16:20:15","slug":"suman-70-muertos-por-inundaciones-en-mexico-reporta-proteccion-civil","status":"publish","type":"post","link":"https:\/\/rnoticias.com.mx\/Portal\/2025\/10\/16\/suman-70-muertos-por-inundaciones-en-mexico-reporta-proteccion-civil\/","title":{"rendered":"Suman 70 muertos por inundaciones en M\u00e9xico, reporta Protecci\u00f3n Civil"},"content":{"rendered":"<p>La coordinadora nacional de\u00a0<strong>Protecci\u00f3n Civil<\/strong>, Laura Vel\u00e1zquez, inform\u00f3 que la cifra de\u00a0<strong>fallecidos<\/strong>\u00a0por las\u00a0<strong>inundaciones<\/strong>\u00a0ocurridas en Hidalgo, Veracruz, Puebla, San Luis Potos\u00ed y Quer\u00e9taro subi\u00f3 a 70 personas, adem\u00e1s de que se registran 72\u00a0<strong>personas no localizadas.<\/strong><\/p>\n<p>Vel\u00e1zquez indic\u00f3 que la\u00a0<strong>emergencia<\/strong>\u00a0todav\u00eda no ha terminado; sin embargo, afirm\u00f3 que las\u00a0<strong>autoridades federales<\/strong>\u00a0han concluido con el censo en las partes con m\u00e1s da\u00f1os y se\u00f1al\u00f3 que se avanza en la\u00a0<strong>limpieza de inmuebles<\/strong>.<\/p>\n<p>Asimismo, detall\u00f3 que\u00a0<strong>111 municipios<\/strong>\u00a0se encuentran\u00a0<strong>afectados<\/strong>\u00a0y\u00a0<strong>183 localidades<\/strong>\u00a0<strong>incomunicadas<\/strong>\u00a0en los cinco estados afectados.<\/p>\n<p>La presidenta\u00a0<strong>Claudia Sheinbaum<\/strong>\u00a0confirm\u00f3 la cifra de\u00a0fallecimientos, puntualizando que 30 ocurrieron en Veracruz, 21 en Hidalgo, 18 en Puebla y 1 en Quer\u00e9taro<\/p>\n<p>&nbsp;<\/p>\n<p>Fuente: Latinus<\/p>\n","protected":false},"excerpt":{"rendered":"<p>La coordinadora nacional de\u00a0Protecci\u00f3n Civil, Laura Vel\u00e1zquez, inform\u00f3 que la cifra de\u00a0fallecidos\u00a0por las\u00a0inundaciones\u00a0ocurridas en Hidalgo, Veracruz, Puebla, San Luis Potos\u00ed y Quer\u00e9taro subi\u00f3 a 70 personas, adem\u00e1s de que se registran 72\u00a0personas no localizadas. Vel\u00e1zquez indic\u00f3 que la\u00a0emergencia\u00a0todav\u00eda no ha terminado; sin embargo, afirm\u00f3 que las\u00a0autoridades federales\u00a0han concluido con el censo en las partes con [&hellip;]<\/p>\n","protected":false},"author":2,"featured_media":232560,"comment_status":"closed","ping_status":"closed","sticky":false,"template":"","format":"standard","meta":{"footnotes":""},"categories":[12870,172],"tags":[12865,12874],"class_list":["post-232559","post","type-post","status-publish","format-standard","has-post-thumbnail","hentry","category-destacadas","category-nacional","tag-destacadas","tag-nacional"],"jetpack_featured_media_url":"https:\/\/rnoticias.com.mx\/Portal\/wp-content\/uploads\/2025\/10\/hidalgo-lluvias-muertos.jpeg.jpg","amp_enabled":true,"_links":{"self":[{"href":"https:\/\/rnoticias.com.mx\/Portal\/wp-json\/wp\/v2\/posts\/232559","targetHints":{"allow":["GET"]}}],"collection":[{"href":"https:\/\/rnoticias.com.mx\/Portal\/wp-json\/wp\/v2\/posts"}],"about":[{"href":"https:\/\/rnoticias.com.mx\/Portal\/wp-json\/wp\/v2\/types\/post"}],"author":[{"embeddable":true,"href":"https:\/\/rnoticias.com.mx\/Portal\/wp-json\/wp\/v2\/users\/2"}],"replies":[{"embeddable":true,"href":"https:\/\/rnoticias.com.mx\/Portal\/wp-json\/wp\/v2\/comments?post=232559"}],"version-history":[{"count":1,"href":"https:\/\/rnoticias.com.mx\/Portal\/wp-json\/wp\/v2\/posts\/232559\/revisions"}],"predecessor-version":[{"id":232561,"href":"https:\/\/rnoticias.com.mx\/Portal\/wp-json\/wp\/v2\/posts\/232559\/revisions\/232561"}],"wp:featuredmedia":[{"embeddable":true,"href":"https:\/\/rnoticias.com.mx\/Portal\/wp-json\/wp\/v2\/media\/232560"}],"wp:attachment":[{"href":"https:\/\/rnoticias.com.mx\/Portal\/wp-json\/wp\/v2\/media?parent=232559"}],"wp:term":[{"taxonomy":"category","embeddable":true,"href":"https:\/\/rnoticias.com.mx\/Portal\/wp-json\/wp\/v2\/categories?post=232559"},{"taxonomy":"post_tag","embeddable":true,"href":"https:\/\/rnoticias.com.mx\/Portal\/wp-json\/wp\/v2\/tags?post=232559"}],"curies":[{"name":"wp","href":"https:\/\/api.w.org\/{rel}","templated":true}]}}